{"id":28819,"date":"2023-03-01T12:15:04","date_gmt":"2023-03-01T11:15:04","guid":{"rendered":"https:\/\/blogs.elcomercio.es\/reflexiones-de-belarmino\/?p=28819"},"modified":"2023-03-01T12:15:34","modified_gmt":"2023-03-01T11:15:34","slug":"sunak-y-carlos-iii-dan-alientos-al-ulster-para-su-acercamiento-con-europa","status":"publish","type":"post","link":"https:\/\/blogs.elcomercio.es\/reflexiones-de-belarmino\/2023\/03\/01\/sunak-y-carlos-iii-dan-alientos-al-ulster-para-su-acercamiento-con-europa\/","title":{"rendered":"\u00a1\u00a1\u00a1\u00a1\u00a1SUNAK Y CARLOS III, DAN ALIENTOS AL ULSTER, PARA SU ACERCAMIENTO CON EUROPA !!!"},"content":{"rendered":"<p><b>La decisi\u00f3n de recibir Carlos III, a la se\u00f1ora Van der\u00a0Leyen, para consolidar la decisi\u00f3n de su primer ministro en Irlanda del Norte, de abrir las puertas a un mercado europeo, sorprendi\u00f3 en el Reino Unido y nos da dos orientaciones de algo pr\u00f3ximo. Hoy el 65 %\u00a0 de los brit\u00e1nicos\u00a0est\u00e1n en favor de salir del Brexit y m\u00e1s tarde que temprano Reino Unido se incorporar\u00e1 a la Uni\u00f3n Europea, y la segunda la ansiedad de hacer algo a sus 76 a\u00f1os de Carlos III, metiendose en la politica\u00a0 que no le corresponde m\u00e1s que al Gobierno y no a la Monarqu\u00eda.<\/b><\/p>\n<!-- AddThis Advanced Settings generic via filter on the_content --><!-- AddThis Share Buttons generic via filter on the_content -->","protected":false},"excerpt":{"rendered":"<p>La decisi\u00f3n de recibir Carlos III, a la se\u00f1ora Van der\u00a0Leyen, para consolidar la decisi\u00f3n de su primer ministro en Irlanda del Norte, de abrir las puertas a un mercado europeo, sorprendi\u00f3 en el Reino Unido y nos da dos orientaciones de algo pr\u00f3ximo. Hoy el 65 %\u00a0 de los brit\u00e1nicos\u00a0est\u00e1n en favor de salir [&hellip;]<!-- AddThis Advanced Settings generic via filter on get_the_excerpt --><!-- AddThis Share Buttons generic via filter on get_the_excerpt --><\/p>\n","protected":false},"author":16,"featured_media":0,"comment_status":"open","ping_status":"closed","sticky":false,"template":"","format":"standard","meta":[],"categories":[1],"tags":[],"_links":{"self":[{"href":"https:\/\/blogs.elcomercio.es\/reflexiones-de-belarmino\/wp-json\/wp\/v2\/posts\/28819"}],"collection":[{"href":"https:\/\/blogs.elcomercio.es\/reflexiones-de-belarmino\/wp-json\/wp\/v2\/posts"}],"about":[{"href":"https:\/\/blogs.elcomercio.es\/reflexiones-de-belarmino\/wp-json\/wp\/v2\/types\/post"}],"author":[{"embeddable":true,"href":"https:\/\/blogs.elcomercio.es\/reflexiones-de-belarmino\/wp-json\/wp\/v2\/users\/16"}],"replies":[{"embeddable":true,"href":"https:\/\/blogs.elcomercio.es\/reflexiones-de-belarmino\/wp-json\/wp\/v2\/comments?post=28819"}],"version-history":[{"count":2,"href":"https:\/\/blogs.elcomercio.es\/reflexiones-de-belarmino\/wp-json\/wp\/v2\/posts\/28819\/revisions"}],"predecessor-version":[{"id":28821,"href":"https:\/\/blogs.elcomercio.es\/reflexiones-de-belarmino\/wp-json\/wp\/v2\/posts\/28819\/revisions\/28821"}],"wp:attachment":[{"href":"https:\/\/blogs.elcomercio.es\/reflexiones-de-belarmino\/wp-json\/wp\/v2\/media?parent=28819"}],"wp:term":[{"taxonomy":"category","embeddable":true,"href":"https:\/\/blogs.elcomercio.es\/reflexiones-de-belarmino\/wp-json\/wp\/v2\/categories?post=28819"},{"taxonomy":"post_tag","embeddable":true,"href":"https:\/\/blogs.elcomercio.es\/reflexiones-de-belarmino\/wp-json\/wp\/v2\/tags?post=28819"}],"curies":[{"name":"wp","href":"https:\/\/api.w.org\/{rel}","templated":true}]}}