{"id":28833,"date":"2023-03-02T10:18:45","date_gmt":"2023-03-02T09:18:45","guid":{"rendered":"https:\/\/blogs.elcomercio.es\/reflexiones-de-belarmino\/?p=28833"},"modified":"2023-03-02T10:18:45","modified_gmt":"2023-03-02T09:18:45","slug":"elon-musk-ayer-en-texas-estamos-muy-emocionados-de-construir-la-mega-planta-en-mexico","status":"publish","type":"post","link":"https:\/\/blogs.elcomercio.es\/reflexiones-de-belarmino\/2023\/03\/02\/elon-musk-ayer-en-texas-estamos-muy-emocionados-de-construir-la-mega-planta-en-mexico\/","title":{"rendered":"\u00a1\u00a1\u00a1\u00a1ELON MUSK, AYER EN TEXAS: &#8221; ESTAMOS MUY EMOCIONADOS DE CONSTRUIR LA MEGA PLANTA EN MEXICO&#8221;!!!"},"content":{"rendered":"<p><b>Y Felipe Calder\u00f3n, tras el fiest\u00f3n\u00a0de Aznar\u00a0tuvo que callar. Hab\u00eda\u00a0mandado un tuit diciendo el&#8221;rid\u00edculo\u00a0de L\u00f3pez, al anunciar que Tesla invertir\u00e1 en Monterrey, cuando lo har\u00e1 en Texas y se habr\u00e1n\u00a0perdido 10,000 millones de dolares de inversi\u00f3n &#8220;.<\/b><\/p>\n<p><b>Aunque ya se habia anunciado por parte de Musk y L\u00f3pez Obrador, la resaca del tequila no permite pensar bien, y se lanz\u00f3 al vac\u00edo, haciendo el rid\u00edculo. Ayer ya no asisti\u00f3 a un acto p\u00fablico.<\/b><\/p>\n<p><strong>Ayer en Texas, con sus trabajadores, el gobernador de NUevo Le\u00f3n y el Ministro de Hacienda mexicano, con su camiseta negra, y el aire natural de \u00e9l dijo lo siguiente: &#8221; ESTAMOS MUY EMOCIONADOS DE INFORMARLES QUE LA\u00a0<\/strong><b>MEGA F\u00c1BRICA SE CONSTRUIR\u00c1\u00a0EN MEXICO&#8221;.<\/b><\/p>\n<p><b>Entristece ver que en la prensa de M\u00e9xico, aparezca una escoba metiendo a los expresidentes neoliberales\u00a0bajo la protecci\u00f3n de un alfombra, llamada Espa\u00f1a.<\/b><\/p>\n<p><b>Los centenares de miles de muertos, degollados, colgados de los puentes, quemados en cal viva, que tanto impactaron\u00a0en Espa\u00f1a,\u00a0 fueron culpa de 5 ex presidentes, tres de los cuales est\u00e1n refugiados en Espa\u00f1a, los culpables.<\/b><\/p>\n<p>&nbsp;<\/p>\n<p>&nbsp;<\/p>\n<!-- AddThis Advanced Settings generic via filter on the_content --><!-- AddThis Share Buttons generic via filter on the_content -->","protected":false},"excerpt":{"rendered":"<p>Y Felipe Calder\u00f3n, tras el fiest\u00f3n\u00a0de Aznar\u00a0tuvo que callar. Hab\u00eda\u00a0mandado un tuit diciendo el&#8221;rid\u00edculo\u00a0de L\u00f3pez, al anunciar que Tesla invertir\u00e1 en Monterrey, cuando lo har\u00e1 en Texas y se habr\u00e1n\u00a0perdido 10,000 millones de dolares de inversi\u00f3n &#8220;. Aunque ya se habia anunciado por parte de Musk y L\u00f3pez Obrador, la resaca del tequila no permite [&hellip;]<!-- AddThis Advanced Settings generic via filter on get_the_excerpt --><!-- AddThis Share Buttons generic via filter on get_the_excerpt --><\/p>\n","protected":false},"author":16,"featured_media":0,"comment_status":"open","ping_status":"closed","sticky":false,"template":"","format":"standard","meta":[],"categories":[1],"tags":[],"_links":{"self":[{"href":"https:\/\/blogs.elcomercio.es\/reflexiones-de-belarmino\/wp-json\/wp\/v2\/posts\/28833"}],"collection":[{"href":"https:\/\/blogs.elcomercio.es\/reflexiones-de-belarmino\/wp-json\/wp\/v2\/posts"}],"about":[{"href":"https:\/\/blogs.elcomercio.es\/reflexiones-de-belarmino\/wp-json\/wp\/v2\/types\/post"}],"author":[{"embeddable":true,"href":"https:\/\/blogs.elcomercio.es\/reflexiones-de-belarmino\/wp-json\/wp\/v2\/users\/16"}],"replies":[{"embeddable":true,"href":"https:\/\/blogs.elcomercio.es\/reflexiones-de-belarmino\/wp-json\/wp\/v2\/comments?post=28833"}],"version-history":[{"count":1,"href":"https:\/\/blogs.elcomercio.es\/reflexiones-de-belarmino\/wp-json\/wp\/v2\/posts\/28833\/revisions"}],"predecessor-version":[{"id":28834,"href":"https:\/\/blogs.elcomercio.es\/reflexiones-de-belarmino\/wp-json\/wp\/v2\/posts\/28833\/revisions\/28834"}],"wp:attachment":[{"href":"https:\/\/blogs.elcomercio.es\/reflexiones-de-belarmino\/wp-json\/wp\/v2\/media?parent=28833"}],"wp:term":[{"taxonomy":"category","embeddable":true,"href":"https:\/\/blogs.elcomercio.es\/reflexiones-de-belarmino\/wp-json\/wp\/v2\/categories?post=28833"},{"taxonomy":"post_tag","embeddable":true,"href":"https:\/\/blogs.elcomercio.es\/reflexiones-de-belarmino\/wp-json\/wp\/v2\/tags?post=28833"}],"curies":[{"name":"wp","href":"https:\/\/api.w.org\/{rel}","templated":true}]}}