{"id":28883,"date":"2023-03-04T15:30:41","date_gmt":"2023-03-04T14:30:41","guid":{"rendered":"https:\/\/blogs.elcomercio.es\/reflexiones-de-belarmino\/?p=28883"},"modified":"2023-03-04T15:30:41","modified_gmt":"2023-03-04T14:30:41","slug":"historica-ley-de-representacion-paritaria-en-espana-de-hombres-y-mujeres-en-los-centros-de-decision","status":"publish","type":"post","link":"https:\/\/blogs.elcomercio.es\/reflexiones-de-belarmino\/2023\/03\/04\/historica-ley-de-representacion-paritaria-en-espana-de-hombres-y-mujeres-en-los-centros-de-decision\/","title":{"rendered":"\u00a1\u00a1\u00a1HIST\u00d3RICA LEY DE REPRESENTACI\u00d3N PARITARIA EN ESPA\u00d1A DE HOMBRES Y MUJERES EN LOS CENTROS DE DECISI\u00d3N !!!"},"content":{"rendered":"<p><b>Hoy, Pedro S\u00e1nchez, anunci\u00f3 que el miercoles mandar\u00e1 al Congreso un proyecto de Ley donde se obligue a la REPRESENTACI\u00d3N\u00a0PARITARIA en todos los \u00f3rganos\u00a0de decisi\u00f3n de Espa\u00f1a.. Hist\u00f3rica ley\u00a0 que significa\u00a0un gran avance para el 50 % de la poblaci\u00f3n: Las mujeres.<\/b><\/p>\n<p><b>Otro avance m\u00e1s de las mujeres en Espa\u00f1a, aprobada por la Uni\u00f3n Europea.Parlamento, Judicatura, direcciones de Partidos, Ayuntamientos, todos los \u00f3rganos\u00a0del Estado y paulatinamente\u00a0en los Consejos de direcci\u00f3n de las grandes empresas.<\/b><\/p>\n<p>&nbsp;<\/p>\n<!-- AddThis Advanced Settings generic via filter on the_content --><!-- AddThis Share Buttons generic via filter on the_content -->","protected":false},"excerpt":{"rendered":"<p>Hoy, Pedro S\u00e1nchez, anunci\u00f3 que el miercoles mandar\u00e1 al Congreso un proyecto de Ley donde se obligue a la REPRESENTACI\u00d3N\u00a0PARITARIA en todos los \u00f3rganos\u00a0de decisi\u00f3n de Espa\u00f1a.. Hist\u00f3rica ley\u00a0 que significa\u00a0un gran avance para el 50 % de la poblaci\u00f3n: Las mujeres. Otro avance m\u00e1s de las mujeres en Espa\u00f1a, aprobada por la Uni\u00f3n Europea.Parlamento, [&hellip;]<!-- AddThis Advanced Settings generic via filter on get_the_excerpt --><!-- AddThis Share Buttons generic via filter on get_the_excerpt --><\/p>\n","protected":false},"author":16,"featured_media":0,"comment_status":"open","ping_status":"closed","sticky":false,"template":"","format":"standard","meta":[],"categories":[1],"tags":[],"_links":{"self":[{"href":"https:\/\/blogs.elcomercio.es\/reflexiones-de-belarmino\/wp-json\/wp\/v2\/posts\/28883"}],"collection":[{"href":"https:\/\/blogs.elcomercio.es\/reflexiones-de-belarmino\/wp-json\/wp\/v2\/posts"}],"about":[{"href":"https:\/\/blogs.elcomercio.es\/reflexiones-de-belarmino\/wp-json\/wp\/v2\/types\/post"}],"author":[{"embeddable":true,"href":"https:\/\/blogs.elcomercio.es\/reflexiones-de-belarmino\/wp-json\/wp\/v2\/users\/16"}],"replies":[{"embeddable":true,"href":"https:\/\/blogs.elcomercio.es\/reflexiones-de-belarmino\/wp-json\/wp\/v2\/comments?post=28883"}],"version-history":[{"count":1,"href":"https:\/\/blogs.elcomercio.es\/reflexiones-de-belarmino\/wp-json\/wp\/v2\/posts\/28883\/revisions"}],"predecessor-version":[{"id":28884,"href":"https:\/\/blogs.elcomercio.es\/reflexiones-de-belarmino\/wp-json\/wp\/v2\/posts\/28883\/revisions\/28884"}],"wp:attachment":[{"href":"https:\/\/blogs.elcomercio.es\/reflexiones-de-belarmino\/wp-json\/wp\/v2\/media?parent=28883"}],"wp:term":[{"taxonomy":"category","embeddable":true,"href":"https:\/\/blogs.elcomercio.es\/reflexiones-de-belarmino\/wp-json\/wp\/v2\/categories?post=28883"},{"taxonomy":"post_tag","embeddable":true,"href":"https:\/\/blogs.elcomercio.es\/reflexiones-de-belarmino\/wp-json\/wp\/v2\/tags?post=28883"}],"curies":[{"name":"wp","href":"https:\/\/api.w.org\/{rel}","templated":true}]}}