{"id":28907,"date":"2023-03-06T19:29:55","date_gmt":"2023-03-06T18:29:55","guid":{"rendered":"https:\/\/blogs.elcomercio.es\/reflexiones-de-belarmino\/?p=28907"},"modified":"2023-03-06T19:29:55","modified_gmt":"2023-03-06T18:29:55","slug":"290-dias-para-la-inauguracion-del-tren-maya-la-gran-reserva-forestal-gran-calakmul-la-segunda-en-el-mundo-tras-el-amazonas","status":"publish","type":"post","link":"https:\/\/blogs.elcomercio.es\/reflexiones-de-belarmino\/2023\/03\/06\/290-dias-para-la-inauguracion-del-tren-maya-la-gran-reserva-forestal-gran-calakmul-la-segunda-en-el-mundo-tras-el-amazonas\/","title":{"rendered":"\u00a1\u00a1\u00a1\u00a1290 D\u00cdAS PARA LA INAUGURACI\u00d3N DEL TREN MAYA.-LA GRAN RESERVA FORESTAL GRAN CALAKMUL LA SEGUNDA EN EL MUNDO TRAS EL AMAZONAS !!!!"},"content":{"rendered":"<p><strong>El TREN MAYA. Millones de todo el mundo lo usar\u00e1n a partir de los 290 d\u00edas que faltan para su\u00a0<\/strong><b>inauguraci\u00f3n. Como sabemos es un tren de primer nivel, que recorre\u00a01,554 kms en la Pen\u00ednsula\u00a0de Yucat\u00e1n(realizado en 4 a\u00f1os ) y que conecta toda la cultura\u00a0maya\u00a0de esa zona, desde Palenque, a Chichen Itza, a Tulum,. como complemento a la atracci\u00f3n del Caribe Mexicano, y que pasa por 4 estados Chiapas,Campeche, Yucat\u00e1n, Quintana Roo, hecho\u00a0por las grandes empresas nacionales y la participaci\u00f3n en la construcci\u00f3n de los vagones, mando,y conservaci\u00f3n\u00a0por dos empresas, una francesa y la otra canadiense.<\/b><\/p>\n<p><b>Para el transporte de los ciudadanos en su vida diaria , el tren llamado standard, ir\u00e1 a 100 kms\/hora y el tren\u00a0 para turistas, el mismo, pero adem\u00e1s el tren con dormitorios, ba\u00f1os, y cocina tendr\u00e1 los m\u00e1s variados alimentos de la zona, es decir es cocina caliente, y marchar\u00e1\u00a0a 160 kms. hora.<\/b><\/p>\n<p><b>Pero la obra es mucho m\u00e1s que un ferrocarril o un medio de comunicaci\u00f3n. Ha servido para el rescate de cientos de miles vestigios de los mayas, que estaban debajo\u00a0 y que los antrop\u00f3logos, arque\u00f3logos\u00a0tendr\u00e1n material para 10 a\u00f1os de trabajo.y ha sido particularmente cuidadoso de no afectar el medio ecol\u00f3gico de la zona, donde se han sembrado 500 millones de \u00e1rboles\u00a0frutales y madereros, y se han cuidado a todo lo que los mayas hab\u00edan creado entre el inframundo y el exterior, cuidando\u00a0la fauna de toda la zona, donde todos los animales tendr\u00e1n\u00a0 500 pasos para que pasen los animales de todas las especies.<\/b><\/p>\n<p><strong>En la zona maya donde fueron arrasados en la conquista, los que sobrevivieron , hoy m\u00e1s de 10 millones, son los realizan el trabajo que iniciaron sus antepasados\u00a0 3,000 a\u00f1os antes.<\/strong><\/p>\n<p><b>En su entorno se ha creado el Estado del Bienestar para los habitantes en donde hay 927,898 adultos mayores con su ayuda bimestral, 168,345 beneficiados para ayuda a su discapacidad, 117,523 para jovenes sembrando vida que tienen un apoyo mensual para sembrar \u00e1rboles\u00a0en sus parcelas, 1,721,478 becas para estudiantes a los tres niveles\u00a0de los estudios, Banco del Bienestar en toda la zona. En total salen beneficiados permanentemente 3,931,249 habitantes\u00a0del Sureste Mexicano.<\/b><\/p>\n<p><b>El 44 % del Tren va electrificado y el resto, m\u00e1s todos los transportes\u00a0normales de\u00a0la ruta en su vida diaria,\u00a0 Pemex dise\u00f1\u00f3 un diesel\u00a0de muy baja contaminaci\u00f3n, lo que har\u00e1\u00a0QUE DISMINUYA LA CONTAMINACI\u00d3N\u00a0en 33.07 millones de toneladas de Di\u00f3xido\u00a0de Carbono.<\/b><\/p>\n<p><strong>Hay hoteles nuevos en las principales ciudades de la ruta, y un sistema de seguridad a cargo de la Guardia Nacional con 6,000 mujeres y hombres.<\/strong><\/p>\n<p><b>La empresa TREN MAYA SS.A.de C-AV estar\u00e1 a cargo del ej\u00e9rcito\u00a0mexicano y la intervenci\u00f3n\u00a0de un total de 390 t\u00e9cnicos\u00a0de diversos paises del mundo.<\/b><\/p>\n<p><b>La GRAN RESERVA NATURAL DE CALAKMUL es la segunda mayor en bosques\u00a0tropicales del mundo tras la Amazon\u00eda..<\/b><\/p>\n<p><strong>Por supuesto, no s\u00f3lo en todos los trenes, sino en todo el pa\u00eds habr\u00e1 WIFI gratuito para todos.<\/strong><\/p>\n<p><b>Lo anterior acaba de ser informado\u00a0por las mujeres y hombres directoras\u00a0y directores de cada\u00a0uno de los proyectos\u00a0sectoriales, ante la presencia de los medios y del presidente de la Republica, en su Ma\u00f1anera 1,360, que empez\u00f3, como siempre, a las 7 de la ma\u00f1ana hora de M\u00e9xico.<\/b><\/p>\n<p>&nbsp;<\/p>\n<p>&nbsp;<\/p>\n<p>&nbsp;<\/p>\n<!-- AddThis Advanced Settings generic via filter on the_content --><!-- AddThis Share Buttons generic via filter on the_content -->","protected":false},"excerpt":{"rendered":"<p>El TREN MAYA. Millones de todo el mundo lo usar\u00e1n a partir de los 290 d\u00edas que faltan para su\u00a0inauguraci\u00f3n. Como sabemos es un tren de primer nivel, que recorre\u00a01,554 kms en la Pen\u00ednsula\u00a0de Yucat\u00e1n(realizado en 4 a\u00f1os ) y que conecta toda la cultura\u00a0maya\u00a0de esa zona, desde Palenque, a Chichen Itza, a Tulum,. como [&hellip;]<!-- AddThis Advanced Settings generic via filter on get_the_excerpt --><!-- AddThis Share Buttons generic via filter on get_the_excerpt --><\/p>\n","protected":false},"author":16,"featured_media":0,"comment_status":"open","ping_status":"closed","sticky":false,"template":"","format":"standard","meta":[],"categories":[1],"tags":[],"_links":{"self":[{"href":"https:\/\/blogs.elcomercio.es\/reflexiones-de-belarmino\/wp-json\/wp\/v2\/posts\/28907"}],"collection":[{"href":"https:\/\/blogs.elcomercio.es\/reflexiones-de-belarmino\/wp-json\/wp\/v2\/posts"}],"about":[{"href":"https:\/\/blogs.elcomercio.es\/reflexiones-de-belarmino\/wp-json\/wp\/v2\/types\/post"}],"author":[{"embeddable":true,"href":"https:\/\/blogs.elcomercio.es\/reflexiones-de-belarmino\/wp-json\/wp\/v2\/users\/16"}],"replies":[{"embeddable":true,"href":"https:\/\/blogs.elcomercio.es\/reflexiones-de-belarmino\/wp-json\/wp\/v2\/comments?post=28907"}],"version-history":[{"count":3,"href":"https:\/\/blogs.elcomercio.es\/reflexiones-de-belarmino\/wp-json\/wp\/v2\/posts\/28907\/revisions"}],"predecessor-version":[{"id":28910,"href":"https:\/\/blogs.elcomercio.es\/reflexiones-de-belarmino\/wp-json\/wp\/v2\/posts\/28907\/revisions\/28910"}],"wp:attachment":[{"href":"https:\/\/blogs.elcomercio.es\/reflexiones-de-belarmino\/wp-json\/wp\/v2\/media?parent=28907"}],"wp:term":[{"taxonomy":"category","embeddable":true,"href":"https:\/\/blogs.elcomercio.es\/reflexiones-de-belarmino\/wp-json\/wp\/v2\/categories?post=28907"},{"taxonomy":"post_tag","embeddable":true,"href":"https:\/\/blogs.elcomercio.es\/reflexiones-de-belarmino\/wp-json\/wp\/v2\/tags?post=28907"}],"curies":[{"name":"wp","href":"https:\/\/api.w.org\/{rel}","templated":true}]}}