{"id":28922,"date":"2023-03-07T19:14:48","date_gmt":"2023-03-07T18:14:48","guid":{"rendered":"https:\/\/blogs.elcomercio.es\/reflexiones-de-belarmino\/?p=28922"},"modified":"2023-03-07T19:14:48","modified_gmt":"2023-03-07T18:14:48","slug":"se-divide-la-fuerza-del-feminismo-en-la-marcha-de-manana-la-va-a-perder-irene-montero-ante-yolanda-diaz","status":"publish","type":"post","link":"https:\/\/blogs.elcomercio.es\/reflexiones-de-belarmino\/2023\/03\/07\/se-divide-la-fuerza-del-feminismo-en-la-marcha-de-manana-la-va-a-perder-irene-montero-ante-yolanda-diaz\/","title":{"rendered":"\u00a1\u00a1\u00a1\u00a1 SE DIVIDE LA FUERZA DEL FEMINISMO EN LA MARCHA DE MA\u00d1ANA.- LA VA A PERDER IRENE MONTERO ANTE YOLANDA D\u00cdAZ !!!"},"content":{"rendered":"<p><b>Lo dijimos hace unos d\u00edas. El enfrentamiento entre si reformar o no, el \u00a1 Si, es Si!.Tiene un fondo. \u00bf Ganar\u00e1 Podemos, cara a las Municipales, al proyecto de SUMAR de Yolanda D\u00edaz.? Pedro S\u00e1nchez, y el PSOE, ya tomaron posiciones: su aliada natural, con madurez ,carisma, y fuerza es\u00a0 Yolanda D\u00edaz. Esta da garant\u00edas que la fuerza a la izquierda del PSOE, los comunistas de siempre, sepan manejar el reto que quiere imponer el PP y Vox., saldr\u00e1 de Sumar, y dado que no se presenta a las municipales, por no tener estructura\u00a0nacional\u00a0 para las Generales\u00a0 , se ira con los resultados que se desprendan de las municipales.<\/b><\/p>\n<p><strong>Ese es el enfrentamiento que, bloquea, definitivamente, la votaci\u00f3n de hoy.<\/strong><\/p>\n<p><b>Ahora que retrocede Del Pino y se queja de que el presidente S\u00e1nchez\u00a0no le devuelve las llamadas para explicar lo que primero hizo p\u00fablico, quiz\u00e1s podamos entender que ser\u00e1 muy dif\u00edcil\u00a0que Pedro S\u00e1nchez\u00a0deje\u00a0de ser por cuatro a\u00f1os m\u00e1s el Presidente de un Gobierno de Coalici\u00f3n en Espa\u00f1a<\/b><\/p>\n<!-- AddThis Advanced Settings generic via filter on the_content --><!-- AddThis Share Buttons generic via filter on the_content -->","protected":false},"excerpt":{"rendered":"<p>Lo dijimos hace unos d\u00edas. El enfrentamiento entre si reformar o no, el \u00a1 Si, es Si!.Tiene un fondo. \u00bf Ganar\u00e1 Podemos, cara a las Municipales, al proyecto de SUMAR de Yolanda D\u00edaz.? Pedro S\u00e1nchez, y el PSOE, ya tomaron posiciones: su aliada natural, con madurez ,carisma, y fuerza es\u00a0 Yolanda D\u00edaz. Esta da garant\u00edas [&hellip;]<!-- AddThis Advanced Settings generic via filter on get_the_excerpt --><!-- AddThis Share Buttons generic via filter on get_the_excerpt --><\/p>\n","protected":false},"author":16,"featured_media":0,"comment_status":"open","ping_status":"closed","sticky":false,"template":"","format":"standard","meta":[],"categories":[1],"tags":[],"_links":{"self":[{"href":"https:\/\/blogs.elcomercio.es\/reflexiones-de-belarmino\/wp-json\/wp\/v2\/posts\/28922"}],"collection":[{"href":"https:\/\/blogs.elcomercio.es\/reflexiones-de-belarmino\/wp-json\/wp\/v2\/posts"}],"about":[{"href":"https:\/\/blogs.elcomercio.es\/reflexiones-de-belarmino\/wp-json\/wp\/v2\/types\/post"}],"author":[{"embeddable":true,"href":"https:\/\/blogs.elcomercio.es\/reflexiones-de-belarmino\/wp-json\/wp\/v2\/users\/16"}],"replies":[{"embeddable":true,"href":"https:\/\/blogs.elcomercio.es\/reflexiones-de-belarmino\/wp-json\/wp\/v2\/comments?post=28922"}],"version-history":[{"count":4,"href":"https:\/\/blogs.elcomercio.es\/reflexiones-de-belarmino\/wp-json\/wp\/v2\/posts\/28922\/revisions"}],"predecessor-version":[{"id":28926,"href":"https:\/\/blogs.elcomercio.es\/reflexiones-de-belarmino\/wp-json\/wp\/v2\/posts\/28922\/revisions\/28926"}],"wp:attachment":[{"href":"https:\/\/blogs.elcomercio.es\/reflexiones-de-belarmino\/wp-json\/wp\/v2\/media?parent=28922"}],"wp:term":[{"taxonomy":"category","embeddable":true,"href":"https:\/\/blogs.elcomercio.es\/reflexiones-de-belarmino\/wp-json\/wp\/v2\/categories?post=28922"},{"taxonomy":"post_tag","embeddable":true,"href":"https:\/\/blogs.elcomercio.es\/reflexiones-de-belarmino\/wp-json\/wp\/v2\/tags?post=28922"}],"curies":[{"name":"wp","href":"https:\/\/api.w.org\/{rel}","templated":true}]}}