{"id":28962,"date":"2023-03-10T11:13:42","date_gmt":"2023-03-10T10:13:42","guid":{"rendered":"https:\/\/blogs.elcomercio.es\/reflexiones-de-belarmino\/?p=28962"},"modified":"2023-03-10T11:13:42","modified_gmt":"2023-03-10T10:13:42","slug":"escriva-logra-un-acuerdo-con-bruselas-y-a-los-socios-de-la-investidura-respecto-a-las-pensiones","status":"publish","type":"post","link":"https:\/\/blogs.elcomercio.es\/reflexiones-de-belarmino\/2023\/03\/10\/escriva-logra-un-acuerdo-con-bruselas-y-a-los-socios-de-la-investidura-respecto-a-las-pensiones\/","title":{"rendered":"\u00a1\u00a1\u00a1\u00a1\u00a1\u00a1ESCRIV\u00c1 LOGRA UN ACUERDO CON BRUSELAS Y A LOS SOCIOS DE LA INVESTIDURA RESPECTO A LAS PENSIONES !!!"},"content":{"rendered":"<p><b>Mientras Francia arde, en Espa\u00f1a, se ha logrado\u00a0consensuar\u00a0un pacto para las pensiones pasando de 25 a 29 a\u00f1os de cotizaci\u00f3n pudiendo excluir los 2 con menos cotizaci\u00f3n y mas salarios. Hoy, la unidad firme del gobierno de coalici\u00f3n, presentar\u00e1 a los agentes sociales la propuesta.<\/b><\/p>\n<!-- AddThis Advanced Settings generic via filter on the_content --><!-- AddThis Share Buttons generic via filter on the_content -->","protected":false},"excerpt":{"rendered":"<p>Mientras Francia arde, en Espa\u00f1a, se ha logrado\u00a0consensuar\u00a0un pacto para las pensiones pasando de 25 a 29 a\u00f1os de cotizaci\u00f3n pudiendo excluir los 2 con menos cotizaci\u00f3n y mas salarios. Hoy, la unidad firme del gobierno de coalici\u00f3n, presentar\u00e1 a los agentes sociales la propuesta.<!-- AddThis Advanced Settings generic via filter on get_the_excerpt --><!-- AddThis Share Buttons generic via filter on get_the_excerpt --><\/p>\n","protected":false},"author":16,"featured_media":0,"comment_status":"open","ping_status":"closed","sticky":false,"template":"","format":"standard","meta":[],"categories":[1],"tags":[],"_links":{"self":[{"href":"https:\/\/blogs.elcomercio.es\/reflexiones-de-belarmino\/wp-json\/wp\/v2\/posts\/28962"}],"collection":[{"href":"https:\/\/blogs.elcomercio.es\/reflexiones-de-belarmino\/wp-json\/wp\/v2\/posts"}],"about":[{"href":"https:\/\/blogs.elcomercio.es\/reflexiones-de-belarmino\/wp-json\/wp\/v2\/types\/post"}],"author":[{"embeddable":true,"href":"https:\/\/blogs.elcomercio.es\/reflexiones-de-belarmino\/wp-json\/wp\/v2\/users\/16"}],"replies":[{"embeddable":true,"href":"https:\/\/blogs.elcomercio.es\/reflexiones-de-belarmino\/wp-json\/wp\/v2\/comments?post=28962"}],"version-history":[{"count":2,"href":"https:\/\/blogs.elcomercio.es\/reflexiones-de-belarmino\/wp-json\/wp\/v2\/posts\/28962\/revisions"}],"predecessor-version":[{"id":28964,"href":"https:\/\/blogs.elcomercio.es\/reflexiones-de-belarmino\/wp-json\/wp\/v2\/posts\/28962\/revisions\/28964"}],"wp:attachment":[{"href":"https:\/\/blogs.elcomercio.es\/reflexiones-de-belarmino\/wp-json\/wp\/v2\/media?parent=28962"}],"wp:term":[{"taxonomy":"category","embeddable":true,"href":"https:\/\/blogs.elcomercio.es\/reflexiones-de-belarmino\/wp-json\/wp\/v2\/categories?post=28962"},{"taxonomy":"post_tag","embeddable":true,"href":"https:\/\/blogs.elcomercio.es\/reflexiones-de-belarmino\/wp-json\/wp\/v2\/tags?post=28962"}],"curies":[{"name":"wp","href":"https:\/\/api.w.org\/{rel}","templated":true}]}}