{"id":29045,"date":"2023-03-14T18:19:55","date_gmt":"2023-03-14T17:19:55","guid":{"rendered":"https:\/\/blogs.elcomercio.es\/reflexiones-de-belarmino\/?p=29045"},"modified":"2023-03-14T18:19:55","modified_gmt":"2023-03-14T17:19:55","slug":"felipe-calderon-y-el-nieto-de-belarmino-presidentes-de-la-lv-legislatura-dos-vidas-dos-suenos-diferentes","status":"publish","type":"post","link":"https:\/\/blogs.elcomercio.es\/reflexiones-de-belarmino\/2023\/03\/14\/felipe-calderon-y-el-nieto-de-belarmino-presidentes-de-la-lv-legislatura-dos-vidas-dos-suenos-diferentes\/","title":{"rendered":"\u00a1\u00a1\u00a1\u00a1FELIPE CALDER\u00d3N Y EL NIETO DE BELARMINO, PRESIDENTES DE LA LV LEGISLATURA. DOS VIDAS, DOS SUE\u00d1OS DIFERENTES !!!"},"content":{"rendered":"<p><b>A los tres a\u00f1os de haber nacido en Morelia, Michoac\u00e1n, tierra de C\u00e1rdenas, pero tambi\u00e9n de Cristeros,\u00a0 nac\u00eda Felipe Calderon Hinojosa,\u00a0 y el nieto de Belarmino estaba\u00a0en la c\u00e1rcel\u00a0en Oviedo colaborando por el Congreso de Juventudes Socialistas en Toulouse, Francia.<\/b><\/p>\n<p><b>El nieto de Belarmino, mayor 23 a\u00f1os que aquel joven miembros del Partido Acci\u00f3n Nacional, creado en 1949 para luchar contra L\u00e1zaro\u00a0C\u00e1rdenas, organizaba con otras seis personas el primer partido pol\u00edtico\u00a0en M\u00e9xico desde 1956, el Partido Socialista de los Trabajadores en 1973.<\/b><\/p>\n<p><b>Calder\u00f3n\u00a0se hizo militante del Partido Acci\u00f3n Nacional, como uno m\u00e1s hasta que tras casarse con Margarita Zavala, yucateca, donde ya resid\u00eda\u00a0el hijo de Pura con su esposa e hijas, y ah\u00ed &#8220;apareci\u00f3 el peine&#8221;.<\/b><\/p>\n<p><b>Amigo de la familia\u00a0de aquella se\u00f1ora Zavala, observaba c\u00f3mo\u00a0llegaban desde Tabasco cheques\u00a0millonarios en d\u00f3lares de un hombre llamado Carlos Cabal Peniche, que era el due\u00f1o de Banca Cremi y el hombre que manejaba los dineros de la Iglesia Cat\u00f3lica en M\u00e9xico, Monse\u00f1or Prigione, el delegado\u00a0 \u00a0de Juan Pablo II, en M\u00e9xico, para el esposo de do\u00f1a Margarita, prima de Cabal.<\/b><\/p>\n<p><b>Y ah\u00ed se dispar\u00f3 aquel joven, donde Rafael comparti\u00f3 la presidencia de la Legislatura de la LV Legislatura\u00a0de la C\u00e1mara de Diputados.Ambos se conoc\u00eda, y Rafael, que respetaba al Jefe\u00a0Diego, el lider del\u00a0PAN y rec\u00edproco(el de Cantabria y Rafael de Asturias).<\/b><\/p>\n<p><strong>Rafael siempre supo de la mediocridad de aquel Calder\u00f3n, pero no le extra\u00f1\u00f3 que todos los recursos detr\u00e1s, le PAN lo eligiera para suceder a Vicente Fox.<\/strong><\/p>\n<p><b>En la lucha como centenares de miles de mujeres y hombres para que cambiase el pa\u00eds, apoyando primero a Cuauht\u00e9moc\u00a0y luego a L\u00f3pez Obrador, Rafael supo de la llegada de Roberto Hern\u00e1ndez y Claudio X\u00a0Gonz\u00e1lez, y del pu\u00f1etazo en el escritorio del presidente, que repito: &#8221; Te pusimos aqui\u00a0para que nacionalizases el petroleo y la luz, y fuiste incapaz, yo todavia tengo mi dinero en Londres Eres un pendejo. Ahora venimos a exigirte que no llegue L\u00f3pez Obrador&#8221;(2006).<\/b><\/p>\n<p><b>Y en su auxilio llegaron Karl Rowe de parte de Busch, y el esposo de la se\u00f1ora Villalobos, para dirigir una campa\u00f1a del miedo, se\u00f1alando que &#8220;L\u00f3pez\u00a0Obrador era el Chavez Mexicano&#8221;.Y de un padr\u00f3n\u00a0de 65 millones de habitantes aquel jovencito mediocre sin el dinero de Cabal y luego sin el apoyo de Bush y Aznar, no hubiera sido presidente, por 200,000 votos..<\/b><\/p>\n<p><b>El nieto de Belarmino a los 67 a\u00f1os, sin recursos tras la crisis de Salinas de 1994, con su vida hecha, una ma\u00f1ana pensando en su departamento en Cancun: &#8221; Para que me peleo\u00a0aqu\u00ed con el mediocre de Calder\u00f3n, mejor me voy a Asturias y en el PSOE luch\u00f3\u00a0contra su Jefe Aznar&#8221;.<\/b><\/p>\n<p><b>Su suegra, su esposa y sus t\u00edos dec\u00edan que era &#8220;un pendejo&#8221; tantos a\u00f1os en primer nivel de la politica mexicana\u00a0y 3 a\u00f1os gobernando.Ning\u00fan\u00a0m\u00e9rito. Fui intocable, viv\u00ed de los seguros muy bien, pero ning\u00fan\u00a0m\u00e9rito siendo nieto de Belarmino, hijo de Rafael y Pura<\/b><\/p>\n<p><b>Han pasado 17 a\u00f1os. El nieto de Belarmino los ha\u00a0vivido en Apartamentos Gij\u00f3n ganando 13 euros al d\u00eda, e hizo su segunda\u00a0vida, en plenitud respetado por lo que lo conocieron en M\u00e9xico, dedicado a crecer internamente, saber, escribir y leer y EN CONCIENCIA TRANQUILA EN LAS NOCHES.<\/b><\/p>\n<p><b>Aquel Calder\u00f3n,,lleg\u00f3 a la presidencia, sin principio alguno, con toda la oligarqu\u00eda detr\u00e1s\u00a0y las trasnacionales sobre todo Iberdrola, que le di\u00f3 cobijo al terminar con 100,000 muertos a sus espaldas.<\/b><\/p>\n<p><b>Multimillonario, alcoholizado\u00a0con tequila, huyendo de\u00a0M\u00e9xico, saliendo a la luz, ante la justicia de EE:UU, lo que hizo a trav\u00e9s de Sergio Garc\u00eda Luna y recordando\u00a0a su joven amigo ,el hijo del Celta de\u00a0Vigo,\u00a0 Jos\u00e9 Camilo Mouri\u00f1o,\u00a0 su enlace con el cartel del Golfo ,a quien el Chapo Guzm\u00e1n le tir\u00f3 el avi\u00f3n a las 2 de la tarde en Paseo de la Reforma<\/b><\/p>\n<p><b>Hoy, ambos vivimos\u00a0en Espa\u00f1a. El en Madrid a los 63 a\u00f1os, resguardado por Jos\u00e9 Mar\u00eda Aznar, apoyado y protegido por Iberdrola, sabedor de que todo M\u00e9xico sabe quien fue. tenemos\u00a0SUE\u00d1OS DIFERENTES.<\/b><\/p>\n<p><strong>La ideolog\u00eda es la ideolog\u00eda y la moralidad es parte de ella.<\/strong><\/p>\n<p><b>Mientras en M\u00e9xico, el proyecto por el que luch\u00f3\u00a0toda su vida el nieto de Belarmino fu\u00e9 la herencia que les dej\u00f3 a sus hijas y nietos, ha destapado la verdad de lo que dej\u00f3 atr\u00e1s\u00a0Felipe Calder\u00f3n\u00a0Hinojosa.<\/b><\/p>\n<p><b>En la\u00a0vida hay clases.<\/b><\/p>\n<p>&nbsp;<\/p>\n<p>&nbsp;<\/p>\n<p>&nbsp;<\/p>\n<!-- AddThis Advanced Settings generic via filter on the_content --><!-- AddThis Share Buttons generic via filter on the_content -->","protected":false},"excerpt":{"rendered":"<p>A los tres a\u00f1os de haber nacido en Morelia, Michoac\u00e1n, tierra de C\u00e1rdenas, pero tambi\u00e9n de Cristeros,\u00a0 nac\u00eda Felipe Calderon Hinojosa,\u00a0 y el nieto de Belarmino estaba\u00a0en la c\u00e1rcel\u00a0en Oviedo colaborando por el Congreso de Juventudes Socialistas en Toulouse, Francia. El nieto de Belarmino, mayor 23 a\u00f1os que aquel joven miembros del Partido Acci\u00f3n Nacional, [&hellip;]<!-- AddThis Advanced Settings generic via filter on get_the_excerpt --><!-- AddThis Share Buttons generic via filter on get_the_excerpt --><\/p>\n","protected":false},"author":16,"featured_media":0,"comment_status":"open","ping_status":"closed","sticky":false,"template":"","format":"standard","meta":[],"categories":[1],"tags":[],"_links":{"self":[{"href":"https:\/\/blogs.elcomercio.es\/reflexiones-de-belarmino\/wp-json\/wp\/v2\/posts\/29045"}],"collection":[{"href":"https:\/\/blogs.elcomercio.es\/reflexiones-de-belarmino\/wp-json\/wp\/v2\/posts"}],"about":[{"href":"https:\/\/blogs.elcomercio.es\/reflexiones-de-belarmino\/wp-json\/wp\/v2\/types\/post"}],"author":[{"embeddable":true,"href":"https:\/\/blogs.elcomercio.es\/reflexiones-de-belarmino\/wp-json\/wp\/v2\/users\/16"}],"replies":[{"embeddable":true,"href":"https:\/\/blogs.elcomercio.es\/reflexiones-de-belarmino\/wp-json\/wp\/v2\/comments?post=29045"}],"version-history":[{"count":3,"href":"https:\/\/blogs.elcomercio.es\/reflexiones-de-belarmino\/wp-json\/wp\/v2\/posts\/29045\/revisions"}],"predecessor-version":[{"id":29048,"href":"https:\/\/blogs.elcomercio.es\/reflexiones-de-belarmino\/wp-json\/wp\/v2\/posts\/29045\/revisions\/29048"}],"wp:attachment":[{"href":"https:\/\/blogs.elcomercio.es\/reflexiones-de-belarmino\/wp-json\/wp\/v2\/media?parent=29045"}],"wp:term":[{"taxonomy":"category","embeddable":true,"href":"https:\/\/blogs.elcomercio.es\/reflexiones-de-belarmino\/wp-json\/wp\/v2\/categories?post=29045"},{"taxonomy":"post_tag","embeddable":true,"href":"https:\/\/blogs.elcomercio.es\/reflexiones-de-belarmino\/wp-json\/wp\/v2\/tags?post=29045"}],"curies":[{"name":"wp","href":"https:\/\/api.w.org\/{rel}","templated":true}]}}