{"id":29087,"date":"2023-03-16T16:22:36","date_gmt":"2023-03-16T15:22:36","guid":{"rendered":"https:\/\/blogs.elcomercio.es\/reflexiones-de-belarmino\/?p=29087"},"modified":"2023-03-16T16:22:36","modified_gmt":"2023-03-16T15:22:36","slug":"lagarde-sube-0-50-y-el-mensaje-primero-la-inflacion-luego-los-bancos","status":"publish","type":"post","link":"https:\/\/blogs.elcomercio.es\/reflexiones-de-belarmino\/2023\/03\/16\/lagarde-sube-0-50-y-el-mensaje-primero-la-inflacion-luego-los-bancos\/","title":{"rendered":"\u00a1\u00a1\u00a1\u00a1LAGARDE, SUBE 0.50 Y EL MENSAJE: PRIMERO LA INFLACI\u00d3N LUEGO LOS BANCOS !!!"},"content":{"rendered":"<p><b>Todos esperaban hoy a las 14.15 horas la decisi\u00f3n\u00a0de Bruselas.El BCE que dirige Christine\u00a0Lagarde estaba ante dos opciones, por la crisis de los bancos: la primera darle preferencia\u00a0a subir el costo del dinero y enfrentar la inflaci\u00f3n y la segunda apoyar a los bancos, parando el aumento del costo del dinero.Y se decidi\u00f3 por lo primero: Subi\u00f3, como se esperaba el costo del dinero 0.50 hasta 4 %.Veremos las repercusiones y que pasa en los Estados Unidos con la Reserva Federal.<\/b><\/p>\n<!-- AddThis Advanced Settings generic via filter on the_content --><!-- AddThis Share Buttons generic via filter on the_content -->","protected":false},"excerpt":{"rendered":"<p>Todos esperaban hoy a las 14.15 horas la decisi\u00f3n\u00a0de Bruselas.El BCE que dirige Christine\u00a0Lagarde estaba ante dos opciones, por la crisis de los bancos: la primera darle preferencia\u00a0a subir el costo del dinero y enfrentar la inflaci\u00f3n y la segunda apoyar a los bancos, parando el aumento del costo del dinero.Y se decidi\u00f3 por lo [&hellip;]<!-- AddThis Advanced Settings generic via filter on get_the_excerpt --><!-- AddThis Share Buttons generic via filter on get_the_excerpt --><\/p>\n","protected":false},"author":16,"featured_media":0,"comment_status":"open","ping_status":"closed","sticky":false,"template":"","format":"standard","meta":[],"categories":[1],"tags":[],"_links":{"self":[{"href":"https:\/\/blogs.elcomercio.es\/reflexiones-de-belarmino\/wp-json\/wp\/v2\/posts\/29087"}],"collection":[{"href":"https:\/\/blogs.elcomercio.es\/reflexiones-de-belarmino\/wp-json\/wp\/v2\/posts"}],"about":[{"href":"https:\/\/blogs.elcomercio.es\/reflexiones-de-belarmino\/wp-json\/wp\/v2\/types\/post"}],"author":[{"embeddable":true,"href":"https:\/\/blogs.elcomercio.es\/reflexiones-de-belarmino\/wp-json\/wp\/v2\/users\/16"}],"replies":[{"embeddable":true,"href":"https:\/\/blogs.elcomercio.es\/reflexiones-de-belarmino\/wp-json\/wp\/v2\/comments?post=29087"}],"version-history":[{"count":1,"href":"https:\/\/blogs.elcomercio.es\/reflexiones-de-belarmino\/wp-json\/wp\/v2\/posts\/29087\/revisions"}],"predecessor-version":[{"id":29088,"href":"https:\/\/blogs.elcomercio.es\/reflexiones-de-belarmino\/wp-json\/wp\/v2\/posts\/29087\/revisions\/29088"}],"wp:attachment":[{"href":"https:\/\/blogs.elcomercio.es\/reflexiones-de-belarmino\/wp-json\/wp\/v2\/media?parent=29087"}],"wp:term":[{"taxonomy":"category","embeddable":true,"href":"https:\/\/blogs.elcomercio.es\/reflexiones-de-belarmino\/wp-json\/wp\/v2\/categories?post=29087"},{"taxonomy":"post_tag","embeddable":true,"href":"https:\/\/blogs.elcomercio.es\/reflexiones-de-belarmino\/wp-json\/wp\/v2\/tags?post=29087"}],"curies":[{"name":"wp","href":"https:\/\/api.w.org\/{rel}","templated":true}]}}