{"id":29108,"date":"2023-03-17T20:04:59","date_gmt":"2023-03-17T19:04:59","guid":{"rendered":"https:\/\/blogs.elcomercio.es\/reflexiones-de-belarmino\/?p=29108"},"modified":"2023-03-17T20:04:59","modified_gmt":"2023-03-17T19:04:59","slug":"vuelve-a-caer-credit-suisse-y-el-ubssuizo-rechaza-cualquier-fusion","status":"publish","type":"post","link":"https:\/\/blogs.elcomercio.es\/reflexiones-de-belarmino\/2023\/03\/17\/vuelve-a-caer-credit-suisse-y-el-ubssuizo-rechaza-cualquier-fusion\/","title":{"rendered":"\u00a1\u00a1\u00a1\u00a1\u00a1\u00a1VUELVE A CAER CREDIT SUISSE Y EL UBS(SUIZO) RECHAZA CUALQUIER FUSI\u00d3N !!!!"},"content":{"rendered":"<p><b>Lo missmo que pas\u00f3 en norteam\u00e9rica\u00a0con el First\u00a0Republic Bank, que tras la inyecci\u00f3n de los 30,000 millones de los bancos privados, en Europa, el Credit Suisse, apoyado por el Banco Nacional Suizo en 54,000 millones de euros, volvi\u00f3 a\u00a0caer y se cerr\u00f3 cualquier posibilidad de fusi\u00f3n\u00a0con USB.No est\u00e1 resuelto el problema y lo veremos, en su correcta dimensi\u00f3n, la semana pr\u00f3xima.<\/b><\/p>\n<!-- AddThis Advanced Settings generic via filter on the_content --><!-- AddThis Share Buttons generic via filter on the_content -->","protected":false},"excerpt":{"rendered":"<p>Lo missmo que pas\u00f3 en norteam\u00e9rica\u00a0con el First\u00a0Republic Bank, que tras la inyecci\u00f3n de los 30,000 millones de los bancos privados, en Europa, el Credit Suisse, apoyado por el Banco Nacional Suizo en 54,000 millones de euros, volvi\u00f3 a\u00a0caer y se cerr\u00f3 cualquier posibilidad de fusi\u00f3n\u00a0con USB.No est\u00e1 resuelto el problema y lo veremos, en [&hellip;]<!-- AddThis Advanced Settings generic via filter on get_the_excerpt --><!-- AddThis Share Buttons generic via filter on get_the_excerpt --><\/p>\n","protected":false},"author":16,"featured_media":0,"comment_status":"open","ping_status":"closed","sticky":false,"template":"","format":"standard","meta":[],"categories":[1],"tags":[],"_links":{"self":[{"href":"https:\/\/blogs.elcomercio.es\/reflexiones-de-belarmino\/wp-json\/wp\/v2\/posts\/29108"}],"collection":[{"href":"https:\/\/blogs.elcomercio.es\/reflexiones-de-belarmino\/wp-json\/wp\/v2\/posts"}],"about":[{"href":"https:\/\/blogs.elcomercio.es\/reflexiones-de-belarmino\/wp-json\/wp\/v2\/types\/post"}],"author":[{"embeddable":true,"href":"https:\/\/blogs.elcomercio.es\/reflexiones-de-belarmino\/wp-json\/wp\/v2\/users\/16"}],"replies":[{"embeddable":true,"href":"https:\/\/blogs.elcomercio.es\/reflexiones-de-belarmino\/wp-json\/wp\/v2\/comments?post=29108"}],"version-history":[{"count":1,"href":"https:\/\/blogs.elcomercio.es\/reflexiones-de-belarmino\/wp-json\/wp\/v2\/posts\/29108\/revisions"}],"predecessor-version":[{"id":29109,"href":"https:\/\/blogs.elcomercio.es\/reflexiones-de-belarmino\/wp-json\/wp\/v2\/posts\/29108\/revisions\/29109"}],"wp:attachment":[{"href":"https:\/\/blogs.elcomercio.es\/reflexiones-de-belarmino\/wp-json\/wp\/v2\/media?parent=29108"}],"wp:term":[{"taxonomy":"category","embeddable":true,"href":"https:\/\/blogs.elcomercio.es\/reflexiones-de-belarmino\/wp-json\/wp\/v2\/categories?post=29108"},{"taxonomy":"post_tag","embeddable":true,"href":"https:\/\/blogs.elcomercio.es\/reflexiones-de-belarmino\/wp-json\/wp\/v2\/tags?post=29108"}],"curies":[{"name":"wp","href":"https:\/\/api.w.org\/{rel}","templated":true}]}}