{"id":29124,"date":"2023-03-18T18:50:07","date_gmt":"2023-03-18T17:50:07","guid":{"rendered":"https:\/\/blogs.elcomercio.es\/reflexiones-de-belarmino\/?p=29124"},"modified":"2023-03-18T18:50:07","modified_gmt":"2023-03-18T17:50:07","slug":"donald-trump-sera-detenido-el-martes-llama-a-sus-seguidores","status":"publish","type":"post","link":"https:\/\/blogs.elcomercio.es\/reflexiones-de-belarmino\/2023\/03\/18\/donald-trump-sera-detenido-el-martes-llama-a-sus-seguidores\/","title":{"rendered":"\u00a1\u00a1\u00a1\u00a1\u00a1\u00a1\u00a1DONALD TRUMP SER\u00c1 DETENIDO EL MARTES. LLAMA A SUS SEGUIDORES!!!"},"content":{"rendered":"<p><b>Por\u00a0 la acusaci\u00f3n hecha hace a\u00f1os por una prostituta contra \u00e9l, y la demanda\u00a0de 130,000 d\u00f3lares,,intempestivamente, en cuanto se enter\u00f3\u00a0se fue\u00a0a la redes\u00a0sociales: &#8221; El martes pr\u00f3ximo ser\u00e1 detenido. Llam\u00f3\u00a0a todos mis seguidores a protestar y a defender a la Naci\u00f3n. &#8220;<\/b><\/p>\n<!-- AddThis Advanced Settings generic via filter on the_content --><!-- AddThis Share Buttons generic via filter on the_content -->","protected":false},"excerpt":{"rendered":"<p>Por\u00a0 la acusaci\u00f3n hecha hace a\u00f1os por una prostituta contra \u00e9l, y la demanda\u00a0de 130,000 d\u00f3lares,,intempestivamente, en cuanto se enter\u00f3\u00a0se fue\u00a0a la redes\u00a0sociales: &#8221; El martes pr\u00f3ximo ser\u00e1 detenido. Llam\u00f3\u00a0a todos mis seguidores a protestar y a defender a la Naci\u00f3n. &#8220;<!-- AddThis Advanced Settings generic via filter on get_the_excerpt --><!-- AddThis Share Buttons generic via filter on get_the_excerpt --><\/p>\n","protected":false},"author":16,"featured_media":0,"comment_status":"open","ping_status":"closed","sticky":false,"template":"","format":"standard","meta":[],"categories":[1],"tags":[],"_links":{"self":[{"href":"https:\/\/blogs.elcomercio.es\/reflexiones-de-belarmino\/wp-json\/wp\/v2\/posts\/29124"}],"collection":[{"href":"https:\/\/blogs.elcomercio.es\/reflexiones-de-belarmino\/wp-json\/wp\/v2\/posts"}],"about":[{"href":"https:\/\/blogs.elcomercio.es\/reflexiones-de-belarmino\/wp-json\/wp\/v2\/types\/post"}],"author":[{"embeddable":true,"href":"https:\/\/blogs.elcomercio.es\/reflexiones-de-belarmino\/wp-json\/wp\/v2\/users\/16"}],"replies":[{"embeddable":true,"href":"https:\/\/blogs.elcomercio.es\/reflexiones-de-belarmino\/wp-json\/wp\/v2\/comments?post=29124"}],"version-history":[{"count":2,"href":"https:\/\/blogs.elcomercio.es\/reflexiones-de-belarmino\/wp-json\/wp\/v2\/posts\/29124\/revisions"}],"predecessor-version":[{"id":29127,"href":"https:\/\/blogs.elcomercio.es\/reflexiones-de-belarmino\/wp-json\/wp\/v2\/posts\/29124\/revisions\/29127"}],"wp:attachment":[{"href":"https:\/\/blogs.elcomercio.es\/reflexiones-de-belarmino\/wp-json\/wp\/v2\/media?parent=29124"}],"wp:term":[{"taxonomy":"category","embeddable":true,"href":"https:\/\/blogs.elcomercio.es\/reflexiones-de-belarmino\/wp-json\/wp\/v2\/categories?post=29124"},{"taxonomy":"post_tag","embeddable":true,"href":"https:\/\/blogs.elcomercio.es\/reflexiones-de-belarmino\/wp-json\/wp\/v2\/tags?post=29124"}],"curies":[{"name":"wp","href":"https:\/\/api.w.org\/{rel}","templated":true}]}}