{"id":29162,"date":"2023-03-20T19:33:47","date_gmt":"2023-03-20T18:33:47","guid":{"rendered":"https:\/\/blogs.elcomercio.es\/reflexiones-de-belarmino\/?p=29162"},"modified":"2023-03-20T19:33:47","modified_gmt":"2023-03-20T18:33:47","slug":"se-ponen-de-acuerdo-pedro-sanchez-y-yolanda-diaz-en-convertir-la-mocion-de-censura-en-una-critica-al-modelo-de-la-derecha","status":"publish","type":"post","link":"https:\/\/blogs.elcomercio.es\/reflexiones-de-belarmino\/2023\/03\/20\/se-ponen-de-acuerdo-pedro-sanchez-y-yolanda-diaz-en-convertir-la-mocion-de-censura-en-una-critica-al-modelo-de-la-derecha\/","title":{"rendered":"\u00a1\u00a1\u00a1\u00a1 SE PONEN DE ACUERDO PEDRO SANCHEZ Y YOLANDA DIAZ EN CONVERTIR LA MOCI\u00d3N DE CENSURA EN UNA CR\u00cdTICA AL MODELO DE LA DERECHA !!!"},"content":{"rendered":"<p><b>Pedro S\u00e1nchez\u00a0y Yolanda D\u00edaz se van a conjurar ma\u00f1ana y el\u00a0mi\u00e9rcoles para aprovechar la Moci\u00f3n\u00a0de Censura de VOX con Tamames, para hacer\u00a0una cr\u00edtica\u00a0al modelo de la derecha espa\u00f1ola.Tamames con su\u00a0 ego y la torpeza de Abascal se pusieron de pechito, ante S\u00e1nchez\u00a0y Yolanda ma\u00f1ana, televisado\u00a0 a nivel nacional. Se agradece.<\/b><\/p>\n<!-- AddThis Advanced Settings generic via filter on the_content --><!-- AddThis Share Buttons generic via filter on the_content -->","protected":false},"excerpt":{"rendered":"<p>Pedro S\u00e1nchez\u00a0y Yolanda D\u00edaz se van a conjurar ma\u00f1ana y el\u00a0mi\u00e9rcoles para aprovechar la Moci\u00f3n\u00a0de Censura de VOX con Tamames, para hacer\u00a0una cr\u00edtica\u00a0al modelo de la derecha espa\u00f1ola.Tamames con su\u00a0 ego y la torpeza de Abascal se pusieron de pechito, ante S\u00e1nchez\u00a0y Yolanda ma\u00f1ana, televisado\u00a0 a nivel nacional. Se agradece.<!-- AddThis Advanced Settings generic via filter on get_the_excerpt --><!-- AddThis Share Buttons generic via filter on get_the_excerpt --><\/p>\n","protected":false},"author":16,"featured_media":0,"comment_status":"open","ping_status":"closed","sticky":false,"template":"","format":"standard","meta":[],"categories":[1],"tags":[],"_links":{"self":[{"href":"https:\/\/blogs.elcomercio.es\/reflexiones-de-belarmino\/wp-json\/wp\/v2\/posts\/29162"}],"collection":[{"href":"https:\/\/blogs.elcomercio.es\/reflexiones-de-belarmino\/wp-json\/wp\/v2\/posts"}],"about":[{"href":"https:\/\/blogs.elcomercio.es\/reflexiones-de-belarmino\/wp-json\/wp\/v2\/types\/post"}],"author":[{"embeddable":true,"href":"https:\/\/blogs.elcomercio.es\/reflexiones-de-belarmino\/wp-json\/wp\/v2\/users\/16"}],"replies":[{"embeddable":true,"href":"https:\/\/blogs.elcomercio.es\/reflexiones-de-belarmino\/wp-json\/wp\/v2\/comments?post=29162"}],"version-history":[{"count":1,"href":"https:\/\/blogs.elcomercio.es\/reflexiones-de-belarmino\/wp-json\/wp\/v2\/posts\/29162\/revisions"}],"predecessor-version":[{"id":29163,"href":"https:\/\/blogs.elcomercio.es\/reflexiones-de-belarmino\/wp-json\/wp\/v2\/posts\/29162\/revisions\/29163"}],"wp:attachment":[{"href":"https:\/\/blogs.elcomercio.es\/reflexiones-de-belarmino\/wp-json\/wp\/v2\/media?parent=29162"}],"wp:term":[{"taxonomy":"category","embeddable":true,"href":"https:\/\/blogs.elcomercio.es\/reflexiones-de-belarmino\/wp-json\/wp\/v2\/categories?post=29162"},{"taxonomy":"post_tag","embeddable":true,"href":"https:\/\/blogs.elcomercio.es\/reflexiones-de-belarmino\/wp-json\/wp\/v2\/tags?post=29162"}],"curies":[{"name":"wp","href":"https:\/\/api.w.org\/{rel}","templated":true}]}}