{"id":29275,"date":"2023-03-27T13:01:38","date_gmt":"2023-03-27T11:01:38","guid":{"rendered":"https:\/\/blogs.elcomercio.es\/reflexiones-de-belarmino\/?p=29275"},"modified":"2023-03-27T13:01:38","modified_gmt":"2023-03-27T11:01:38","slug":"carlos-iii-sabes-lo-que-es-la-guillotina-y-el-acto-de-hoy-en-versalles-y-la-gira-se-fue-al-traste","status":"publish","type":"post","link":"https:\/\/blogs.elcomercio.es\/reflexiones-de-belarmino\/2023\/03\/27\/carlos-iii-sabes-lo-que-es-la-guillotina-y-el-acto-de-hoy-en-versalles-y-la-gira-se-fue-al-traste\/","title":{"rendered":"\u00a1\u00a1\u00a1\u00a1&#8221; CARLOS III ,\u00bfSABES LO QUE ES LA GUILLOTINA?&#8221;- Y EL ACTO DE HOY EN VERSALLES Y LA GIRA SE FUE AL TRASTE !!!"},"content":{"rendered":"<p><b>Era su viaje casi de luna de miel, antes de tomar posesi\u00f3n como Rey. Los Campos El\u00edseos, el Sena, el Louvre, las visitas al campo franc\u00e9s, pero sobre todo el Gran Banquete en Versalles. Todo estaba planeado, tanto en Londres como en Par\u00eds, cuando unos &#8220;mugrosos&#8221; trabajadores se pusieron en el camino\u00a0como a Luis XVI y a Mar\u00eda Antonieta.<\/b><\/p>\n<p><b>Hace unos d\u00edas de la &#8220;Furia\u00a0de las\u00a0Hogueras&#8221; que recorre Francia, aparecieron pintadas y entonces a Macr\u00f3n &#8221; le cay\u00f3 el veinte&#8221;. &#8221; Carlos III, \u00bf conoce las guillotinas ?&#8221;. Un rey, Versalles, 1789 y tom\u00f3 el tel\u00e9fono\u00a0de inmediato y sugiri\u00f3 parar todo. No es que no\u00a0hubiese trabajadores para colocar la alfombra roja, sino que Macr\u00f3n conoce bien la historia de su pa\u00eds y Versalles &#8211; Rey, lo paralizaron.<\/b><\/p>\n<p><strong>Mientras el sortea todo un proyecto de los sindicatos y la poblaci\u00f3n contra \u00e9l, Carlos III, ve\u00eda como su popularidad est\u00e1 en el 46 %, y que incluso Guillermo baj\u00f3 del 67 % al 47 %.<\/strong><\/p>\n<p><strong>Y pensar que fueron aquellos &#8220;mugrosos&#8221; que tomaron la Bastilla, los que m\u00e1s de 200 a\u00f1os despu\u00e9s, le impedir\u00eda a Camila y a \u00e9l gozar de se dorado viaje primaveral, antes de ser coronado.<\/strong><\/p>\n<p><b>&#8216;Algo me persigue!, se habr\u00e1\u00a0dicho por sus adentros el descendiente de Victoria. \u00bf Su madre?, \u00bf Diana?.\u00bf quien le impide ser feliz ?.<\/b><\/p>\n<!-- AddThis Advanced Settings generic via filter on the_content --><!-- AddThis Share Buttons generic via filter on the_content -->","protected":false},"excerpt":{"rendered":"<p>Era su viaje casi de luna de miel, antes de tomar posesi\u00f3n como Rey. Los Campos El\u00edseos, el Sena, el Louvre, las visitas al campo franc\u00e9s, pero sobre todo el Gran Banquete en Versalles. Todo estaba planeado, tanto en Londres como en Par\u00eds, cuando unos &#8220;mugrosos&#8221; trabajadores se pusieron en el camino\u00a0como a Luis XVI [&hellip;]<!-- AddThis Advanced Settings generic via filter on get_the_excerpt --><!-- AddThis Share Buttons generic via filter on get_the_excerpt --><\/p>\n","protected":false},"author":16,"featured_media":0,"comment_status":"open","ping_status":"closed","sticky":false,"template":"","format":"standard","meta":[],"categories":[1],"tags":[],"_links":{"self":[{"href":"https:\/\/blogs.elcomercio.es\/reflexiones-de-belarmino\/wp-json\/wp\/v2\/posts\/29275"}],"collection":[{"href":"https:\/\/blogs.elcomercio.es\/reflexiones-de-belarmino\/wp-json\/wp\/v2\/posts"}],"about":[{"href":"https:\/\/blogs.elcomercio.es\/reflexiones-de-belarmino\/wp-json\/wp\/v2\/types\/post"}],"author":[{"embeddable":true,"href":"https:\/\/blogs.elcomercio.es\/reflexiones-de-belarmino\/wp-json\/wp\/v2\/users\/16"}],"replies":[{"embeddable":true,"href":"https:\/\/blogs.elcomercio.es\/reflexiones-de-belarmino\/wp-json\/wp\/v2\/comments?post=29275"}],"version-history":[{"count":2,"href":"https:\/\/blogs.elcomercio.es\/reflexiones-de-belarmino\/wp-json\/wp\/v2\/posts\/29275\/revisions"}],"predecessor-version":[{"id":29277,"href":"https:\/\/blogs.elcomercio.es\/reflexiones-de-belarmino\/wp-json\/wp\/v2\/posts\/29275\/revisions\/29277"}],"wp:attachment":[{"href":"https:\/\/blogs.elcomercio.es\/reflexiones-de-belarmino\/wp-json\/wp\/v2\/media?parent=29275"}],"wp:term":[{"taxonomy":"category","embeddable":true,"href":"https:\/\/blogs.elcomercio.es\/reflexiones-de-belarmino\/wp-json\/wp\/v2\/categories?post=29275"},{"taxonomy":"post_tag","embeddable":true,"href":"https:\/\/blogs.elcomercio.es\/reflexiones-de-belarmino\/wp-json\/wp\/v2\/tags?post=29275"}],"curies":[{"name":"wp","href":"https:\/\/api.w.org\/{rel}","templated":true}]}}