{"id":29283,"date":"2023-03-28T12:12:53","date_gmt":"2023-03-28T10:12:53","guid":{"rendered":"https:\/\/blogs.elcomercio.es\/reflexiones-de-belarmino\/?p=29283"},"modified":"2023-03-28T12:12:53","modified_gmt":"2023-03-28T10:12:53","slug":"70-anos-de-con-el-ingles-y-los-evangelicos-los-ee-uu-han-querido-romper-america-latina","status":"publish","type":"post","link":"https:\/\/blogs.elcomercio.es\/reflexiones-de-belarmino\/2023\/03\/28\/70-anos-de-con-el-ingles-y-los-evangelicos-los-ee-uu-han-querido-romper-america-latina\/","title":{"rendered":"\u00a1\u00a1\u00a1\u00a170 A\u00d1OS DE, CON EL INGL\u00c9S Y LOS EVANG\u00c9LICOS, LOS EE.UU. HAN QUERIDO ROMPER AM\u00c9RICA LATINA !!"},"content":{"rendered":"<p><b>Como vemos por todas las calles, d\u00eda con d\u00eda, mes con mes, a los Testigos de Jehov\u00e1 en Espa\u00f1a, manejados desde\u00a0 1,850, como una gran empresa de EE:UU, as\u00ed recuerdo a los Evangelistas, d\u00eda tras d\u00eda en Am\u00e9rica Latina, tambi\u00e9n desde el siglo XIX, tratando de doblar los dos ejes de la Am\u00e9rica Latina: La religi\u00f3n\u00a0y el lenguaje.<\/b><\/p>\n<p><strong>Los Evangelios y el ingl\u00e9s han sido la penetraci\u00f3n, silenciosa para romper la unidad del continente. Los fondos vienen de los Estados Unidos.<\/strong><\/p>\n<p><b>Para los cat\u00f3licos hay que estar bautizados, para los Evang\u00e9licos(los protestantes) basta con creer en los Evangelios que hablan de la vida de Jesucristo.<\/b><\/p>\n<p><b>Los EE:UU, blancos, sajones y protestantes que siguen a Trump, son los Evang\u00e9licos, donde llegaron a colocar al primer pa\u00eds de Am\u00e9rica Latina, Brasil, a su presidente: Bolsonaro.<\/b><\/p>\n<p><b>Ellos tienen muy clara la pelicula. Hasta la tradicional Iglesia Cat\u00f3lica Espa\u00f1ola, es poco menos que comunista y no se diga de Francisco I, debe de ser &#8221; Satan\u00e1s&#8221;.<\/b><\/p>\n<p><b>Y de pronto, el d\u00eda de la Cumbre Latinoamericana, 22 paises. para contrarrestar al Plan Panam\u00e1, aprovecharon a una colombiana(no cubana como dije err\u00f3neamente\u00a0ayer), que mostraron el grado de atraso de quienes ya tienen en Espa\u00f1a m\u00e1s de 4,000 templos y 500,000 fieles y la pusieron como telonera en el acto\u00a0donde fue fuertemente aplaudida por Ayuso y Feij\u00f3o..<\/b><\/p>\n<p><b>En la lucha contra el socialismo, en la lucha para todos los que no son blancos, los evangelistas, ya han llevado al poder a Trump, a Bolsonario, son los grandes amigos de Netanyahu, y ahora los tenemos aqu\u00ed.<\/b><\/p>\n<p>&nbsp;<\/p>\n<!-- AddThis Advanced Settings generic via filter on the_content --><!-- AddThis Share Buttons generic via filter on the_content -->","protected":false},"excerpt":{"rendered":"<p>Como vemos por todas las calles, d\u00eda con d\u00eda, mes con mes, a los Testigos de Jehov\u00e1 en Espa\u00f1a, manejados desde\u00a0 1,850, como una gran empresa de EE:UU, as\u00ed recuerdo a los Evangelistas, d\u00eda tras d\u00eda en Am\u00e9rica Latina, tambi\u00e9n desde el siglo XIX, tratando de doblar los dos ejes de la Am\u00e9rica Latina: La [&hellip;]<!-- AddThis Advanced Settings generic via filter on get_the_excerpt --><!-- AddThis Share Buttons generic via filter on get_the_excerpt --><\/p>\n","protected":false},"author":16,"featured_media":0,"comment_status":"open","ping_status":"closed","sticky":false,"template":"","format":"standard","meta":[],"categories":[1],"tags":[],"_links":{"self":[{"href":"https:\/\/blogs.elcomercio.es\/reflexiones-de-belarmino\/wp-json\/wp\/v2\/posts\/29283"}],"collection":[{"href":"https:\/\/blogs.elcomercio.es\/reflexiones-de-belarmino\/wp-json\/wp\/v2\/posts"}],"about":[{"href":"https:\/\/blogs.elcomercio.es\/reflexiones-de-belarmino\/wp-json\/wp\/v2\/types\/post"}],"author":[{"embeddable":true,"href":"https:\/\/blogs.elcomercio.es\/reflexiones-de-belarmino\/wp-json\/wp\/v2\/users\/16"}],"replies":[{"embeddable":true,"href":"https:\/\/blogs.elcomercio.es\/reflexiones-de-belarmino\/wp-json\/wp\/v2\/comments?post=29283"}],"version-history":[{"count":1,"href":"https:\/\/blogs.elcomercio.es\/reflexiones-de-belarmino\/wp-json\/wp\/v2\/posts\/29283\/revisions"}],"predecessor-version":[{"id":29284,"href":"https:\/\/blogs.elcomercio.es\/reflexiones-de-belarmino\/wp-json\/wp\/v2\/posts\/29283\/revisions\/29284"}],"wp:attachment":[{"href":"https:\/\/blogs.elcomercio.es\/reflexiones-de-belarmino\/wp-json\/wp\/v2\/media?parent=29283"}],"wp:term":[{"taxonomy":"category","embeddable":true,"href":"https:\/\/blogs.elcomercio.es\/reflexiones-de-belarmino\/wp-json\/wp\/v2\/categories?post=29283"},{"taxonomy":"post_tag","embeddable":true,"href":"https:\/\/blogs.elcomercio.es\/reflexiones-de-belarmino\/wp-json\/wp\/v2\/tags?post=29283"}],"curies":[{"name":"wp","href":"https:\/\/api.w.org\/{rel}","templated":true}]}}