{"id":29287,"date":"2023-03-28T16:07:57","date_gmt":"2023-03-28T14:07:57","guid":{"rendered":"https:\/\/blogs.elcomercio.es\/reflexiones-de-belarmino\/?p=29287"},"modified":"2023-03-28T16:07:57","modified_gmt":"2023-03-28T14:07:57","slug":"el-sindrome-adolfo-suarez-pone-nerviosos-a-pablo-iglesias-y-a-irene-montero","status":"publish","type":"post","link":"https:\/\/blogs.elcomercio.es\/reflexiones-de-belarmino\/2023\/03\/28\/el-sindrome-adolfo-suarez-pone-nerviosos-a-pablo-iglesias-y-a-irene-montero\/","title":{"rendered":"\u00a1\u00a1\u00a1\u00a1EL S\u00cdNDROME ADOLFO SU\u00c1REZ, PONE NERVIOSOS A PABLO IGLESIAS Y A IRENE MONTERO !!!"},"content":{"rendered":"<p><b>Cuando uno observa las fotos, tras la intervenci\u00f3n de Yolanda D\u00edaz, en una arropada, sonriente, ante el presidente, Nadia Calvi\u00f1o, y en la otra la cara\u00a0descompuesta arrugada de coraje de Irene Montero, uno aprecia no s\u00f3lo las posiciones opuestas sino algo m\u00e1s que desde hace un a\u00f1o hemos comentado aqu\u00ed.Veamos si\u00a0podemos analizarlo.<\/b><\/p>\n<p><b>Cuando fruto de aquellos 15 M, de la explosi\u00f3n social de descontento, surge Podemos, surge una estructura\u00a0pol\u00edtica a nivel nacional. En Espa\u00f1a, al tener registro para participar, uno tiene\u00a0recursos, pero adem\u00e1s a estos se les incorpora, un tanto por votos, otro por diputado, otro por senador o por cualquier puesto p\u00fablico.<\/b><\/p>\n<p><strong>En ese momento hay que ser cautos y pensar en el futuro.<\/strong><\/p>\n<p><b>A los tres a\u00f1os, cada uno de los dirigentes locales del proyecto, se queda con su peque\u00f1o\u00a0espacio con sus recursos. Primero lo hizo Errej\u00f3n con M\u00e1s Pa\u00eds; luego fue Teresa Rodr\u00edguez,, y aquel pastel que aportan\u00a0los bancos y que se aumenta o disminuye seg\u00fan los siguientes comicios, empez\u00f3 a repartirse en feudos locales.<\/b><\/p>\n<p><strong>Lamento tener que decir, que tras esos resultados iniciales, se casan Pablo Iglesia e Irene Montero, se compran un chalet, seguramente con una\u00a0 y forman su familia con los dos hijos e inician su proceso de vida natural y respetable.<\/strong><\/p>\n<p><strong>El que primero lo apreci\u00f3 fue Pablo, quien sali\u00f3 de la esfera pol\u00edtica, para poder tener recursos fuera del proyecto, quedando al frente Irene.<\/strong><\/p>\n<p><b>Lo dec\u00eda el otro d\u00eda, sutilmente, un periodista\u00a0destacado del pa\u00eds:&#8221;&#8230;bueno es que es un problema de salarios&#8221;.<\/b><\/p>\n<p><strong>Por ello Podemos quiere las primarias antes de Sumar, por que sabe que un mal resultado en mayo, puede hacer que disminuyan los ingresos, lo que golpear\u00eda su proyecto personal, que nadie pone en duda su esfuerzo y talento.<\/strong><\/p>\n<p><strong>Yolanda D\u00edaz, y sobre todo tras la avalancha de confirmaciones de asistencias que se han dado en los \u00faltimo d\u00eda, que entienden que primero hay que\u00a0 Sumar y luego hacer las primarias, choca con la cara de Irena y el malestar de ayer de Pablo, contra el presidente de Izquierda Unida.<\/strong><\/p>\n<p><b>Quiero recordar que a Adolfo Su\u00e1rez, nada menos que a Adolfo Su\u00e1rez, cuando forma en la segunda etapa\u00a0CDS, y no alcanza los votos que le vaticinaban, deb\u00eda al Banco Santander un dinero, que Bot\u00edn, que no olvidaba el d\u00eda que le mand\u00f3 bajar los pies de la mesa en La MOncloa, se lo cobr\u00f3 de inmediato y le quit\u00f3 la casa a Su\u00e1rez, proceso donde muere de c\u00e1ncer\u00a0la hija mayor, luego la esposa y m\u00e1s tarde, como un forma de aislarse le de el\u00a0<\/b><b>Alzheimer.<\/b><\/p>\n<p><strong>Pero como cualquier modesto analista lo entiende, lo sabe muy bien Yolanda D\u00edaz y creo que antes del d\u00eda 1 de abril en el Consejo de Podemos, va a comprender esa situaci\u00f3n.<\/strong><\/p>\n<p><strong>Creemos que el d\u00eda 2, el d\u00eda de Sumar, estar\u00e1 Podemos.<\/strong><\/p>\n<p>&nbsp;<\/p>\n<!-- AddThis Advanced Settings generic via filter on the_content --><!-- AddThis Share Buttons generic via filter on the_content -->","protected":false},"excerpt":{"rendered":"<p>Cuando uno observa las fotos, tras la intervenci\u00f3n de Yolanda D\u00edaz, en una arropada, sonriente, ante el presidente, Nadia Calvi\u00f1o, y en la otra la cara\u00a0descompuesta arrugada de coraje de Irene Montero, uno aprecia no s\u00f3lo las posiciones opuestas sino algo m\u00e1s que desde hace un a\u00f1o hemos comentado aqu\u00ed.Veamos si\u00a0podemos analizarlo. Cuando fruto de [&hellip;]<!-- AddThis Advanced Settings generic via filter on get_the_excerpt --><!-- AddThis Share Buttons generic via filter on get_the_excerpt --><\/p>\n","protected":false},"author":16,"featured_media":0,"comment_status":"open","ping_status":"closed","sticky":false,"template":"","format":"standard","meta":[],"categories":[1],"tags":[],"_links":{"self":[{"href":"https:\/\/blogs.elcomercio.es\/reflexiones-de-belarmino\/wp-json\/wp\/v2\/posts\/29287"}],"collection":[{"href":"https:\/\/blogs.elcomercio.es\/reflexiones-de-belarmino\/wp-json\/wp\/v2\/posts"}],"about":[{"href":"https:\/\/blogs.elcomercio.es\/reflexiones-de-belarmino\/wp-json\/wp\/v2\/types\/post"}],"author":[{"embeddable":true,"href":"https:\/\/blogs.elcomercio.es\/reflexiones-de-belarmino\/wp-json\/wp\/v2\/users\/16"}],"replies":[{"embeddable":true,"href":"https:\/\/blogs.elcomercio.es\/reflexiones-de-belarmino\/wp-json\/wp\/v2\/comments?post=29287"}],"version-history":[{"count":3,"href":"https:\/\/blogs.elcomercio.es\/reflexiones-de-belarmino\/wp-json\/wp\/v2\/posts\/29287\/revisions"}],"predecessor-version":[{"id":29290,"href":"https:\/\/blogs.elcomercio.es\/reflexiones-de-belarmino\/wp-json\/wp\/v2\/posts\/29287\/revisions\/29290"}],"wp:attachment":[{"href":"https:\/\/blogs.elcomercio.es\/reflexiones-de-belarmino\/wp-json\/wp\/v2\/media?parent=29287"}],"wp:term":[{"taxonomy":"category","embeddable":true,"href":"https:\/\/blogs.elcomercio.es\/reflexiones-de-belarmino\/wp-json\/wp\/v2\/categories?post=29287"},{"taxonomy":"post_tag","embeddable":true,"href":"https:\/\/blogs.elcomercio.es\/reflexiones-de-belarmino\/wp-json\/wp\/v2\/tags?post=29287"}],"curies":[{"name":"wp","href":"https:\/\/api.w.org\/{rel}","templated":true}]}}