{"id":29330,"date":"2023-03-31T17:09:12","date_gmt":"2023-03-31T15:09:12","guid":{"rendered":"https:\/\/blogs.elcomercio.es\/reflexiones-de-belarmino\/?p=29330"},"modified":"2023-03-31T17:09:12","modified_gmt":"2023-03-31T15:09:12","slug":"guadalupe-taddei-elegida-entre-491-inscritoss-pasando-por-el-congreso-y-luego-ante-la-falta-de-consenso-elegida-por-insaculacion","status":"publish","type":"post","link":"https:\/\/blogs.elcomercio.es\/reflexiones-de-belarmino\/2023\/03\/31\/guadalupe-taddei-elegida-entre-491-inscritoss-pasando-por-el-congreso-y-luego-ante-la-falta-de-consenso-elegida-por-insaculacion\/","title":{"rendered":"\u00a1\u00a1\u00a1GUADALUPE TADDEI, ELEGIDA ENTRE 491 INSCRITOSS, PASANDO POR EL CONGRESO Y LUEGO, ANTE LA FALTA DE CONSENSO, ELEGIDA POR INSACULACI\u00d3N !!!"},"content":{"rendered":"<p><b>La democracia lleg\u00f3\u00a0a uno de los cotos del poder que manejaban los gobiernos de los \u00faltimos a\u00f1os: El Instituto Nacional Electoral y lo ox\u00edgeno. Tras 15 a\u00f1os de dirigir, tras el &#8220;dedazo&#8221; del &#8220;se\u00f1or\u00a0presidente&#8221; Lorenzo C\u00f3rdova\u00a0que gana m\u00e1s que Emmanuel\u00a0Macron, dej\u00f3 la presidencia del Instituto Nacional Electoral, junto con 3 consejeros\u00a0m\u00e1s, de los 8, que eran hombres de horca y cuchillo.<\/b><\/p>\n<p><b>Se abri\u00f3 el proceso p\u00fablico\u00a0a toda\u00a0la sociedad y se\u00a0 presentaron 491 personas que ten\u00edan los requisitos. En el proceso quedaron 20, los de mejor calificaci\u00f3n. De e ellos haber que elegir 4 en el Congreso. Al no haber acuerdo, se llev\u00f3 a la Suprema Corte y, por insaculaci\u00f3n, salieron elegidos los 4, destacando la presidenta, por primera vez en la historia de M\u00e9xico, una mujer llamada Guadalupe Taddei.<\/b><\/p>\n<p><strong>Con ella, fueron electas por el mismo m\u00e9todo, los cuatro que estaban vacantes, que son Jorge Monta\u00f1o, Rita Bell L\u00f3pez y Antonio Castillo Lozano.<\/strong><\/p>\n<p><b>El presidente, lo prometi\u00f3 y lo cumpli\u00f3. Hoy ha sido elegido el Instituto\u00a0Nacional Electoral, el arbitro, de abajo\u00a0hacia arriba, llegando hasta la insaculaci\u00f3n en la Suprema Corte de Justicia.<\/b><\/p>\n<p><strong>S\u00f3lo no ha podido transformar el Poder Judicial.<\/strong><\/p>\n<p>&nbsp;<\/p>\n<p>&nbsp;<\/p>\n<p>&nbsp;<\/p>\n<!-- AddThis Advanced Settings generic via filter on the_content --><!-- AddThis Share Buttons generic via filter on the_content -->","protected":false},"excerpt":{"rendered":"<p>La democracia lleg\u00f3\u00a0a uno de los cotos del poder que manejaban los gobiernos de los \u00faltimos a\u00f1os: El Instituto Nacional Electoral y lo ox\u00edgeno. Tras 15 a\u00f1os de dirigir, tras el &#8220;dedazo&#8221; del &#8220;se\u00f1or\u00a0presidente&#8221; Lorenzo C\u00f3rdova\u00a0que gana m\u00e1s que Emmanuel\u00a0Macron, dej\u00f3 la presidencia del Instituto Nacional Electoral, junto con 3 consejeros\u00a0m\u00e1s, de los 8, que [&hellip;]<!-- AddThis Advanced Settings generic via filter on get_the_excerpt --><!-- AddThis Share Buttons generic via filter on get_the_excerpt --><\/p>\n","protected":false},"author":16,"featured_media":0,"comment_status":"open","ping_status":"closed","sticky":false,"template":"","format":"standard","meta":[],"categories":[1],"tags":[],"_links":{"self":[{"href":"https:\/\/blogs.elcomercio.es\/reflexiones-de-belarmino\/wp-json\/wp\/v2\/posts\/29330"}],"collection":[{"href":"https:\/\/blogs.elcomercio.es\/reflexiones-de-belarmino\/wp-json\/wp\/v2\/posts"}],"about":[{"href":"https:\/\/blogs.elcomercio.es\/reflexiones-de-belarmino\/wp-json\/wp\/v2\/types\/post"}],"author":[{"embeddable":true,"href":"https:\/\/blogs.elcomercio.es\/reflexiones-de-belarmino\/wp-json\/wp\/v2\/users\/16"}],"replies":[{"embeddable":true,"href":"https:\/\/blogs.elcomercio.es\/reflexiones-de-belarmino\/wp-json\/wp\/v2\/comments?post=29330"}],"version-history":[{"count":2,"href":"https:\/\/blogs.elcomercio.es\/reflexiones-de-belarmino\/wp-json\/wp\/v2\/posts\/29330\/revisions"}],"predecessor-version":[{"id":29332,"href":"https:\/\/blogs.elcomercio.es\/reflexiones-de-belarmino\/wp-json\/wp\/v2\/posts\/29330\/revisions\/29332"}],"wp:attachment":[{"href":"https:\/\/blogs.elcomercio.es\/reflexiones-de-belarmino\/wp-json\/wp\/v2\/media?parent=29330"}],"wp:term":[{"taxonomy":"category","embeddable":true,"href":"https:\/\/blogs.elcomercio.es\/reflexiones-de-belarmino\/wp-json\/wp\/v2\/categories?post=29330"},{"taxonomy":"post_tag","embeddable":true,"href":"https:\/\/blogs.elcomercio.es\/reflexiones-de-belarmino\/wp-json\/wp\/v2\/tags?post=29330"}],"curies":[{"name":"wp","href":"https:\/\/api.w.org\/{rel}","templated":true}]}}