{"id":29363,"date":"2023-04-02T10:41:08","date_gmt":"2023-04-02T08:41:08","guid":{"rendered":"https:\/\/blogs.elcomercio.es\/reflexiones-de-belarmino\/?p=29363"},"modified":"2023-04-02T10:41:08","modified_gmt":"2023-04-02T08:41:08","slug":"con-sumar-se-abre-una-ilusion","status":"publish","type":"post","link":"https:\/\/blogs.elcomercio.es\/reflexiones-de-belarmino\/2023\/04\/02\/con-sumar-se-abre-una-ilusion\/","title":{"rendered":"\u00a1\u00a1\u00a1\u00a1\u00a1 CON SUMAR , SE ABRE UNA ILUSI\u00d3N.!!!"},"content":{"rendered":"<p><b>Hoy se abre\u00a0una ilusi\u00f3n\u00a0para el proceso de avance de Espa\u00f1a, de la Espa\u00f1a\u00a0mayoritaria\u00a0 de trabajadores\u00a0que podr\u00e1n dar, un paso adelante cuando Europa no marcha al mismo ritmo.La coalici\u00f3n hist\u00f3rica de la Socialdemocracia , y los Comunistas, que no se di\u00f3 en 1921, mostrar\u00e1 100 a\u00f1os despu\u00e9s de lo que son capaces.Hoy surge SUMAR, un esfuerzo de la gran mayor\u00eda de las\u00a0organizaciones a la &#8220;izquierda del PSOE&#8221;, donde estar\u00e1n todos los que lo deseen, y el vac\u00edo\u00a0de quienes no estuvieron\u00a0a la altura quedar\u00e1 en la foto de\u00a0la historia.<\/b><\/p>\n<p><b>De Galicia sali\u00f3 Franco, pero tambi\u00e9n Pablo Iglesias. De Galicia salen ahora un lider provincial como Feij\u00f3o y una mujer, quiz\u00e1s, la m\u00e1s importante mujer de la clase pol\u00edtica espa\u00f1ola, llamada Yolanda D\u00edaz.Para quienes la vieron crecer la definen como una trabajadora\u00a0incansable, dura, pragm\u00e1tica y con principios.<\/b><\/p>\n<p><b>Muchos la encontramos como el \u00fanico esfuerzo valioso para dar el salto a la Espa\u00f1a moderna, que lucha por la\u00a0democracia politica y la econ\u00f3mica.<\/b><\/p>\n<p>&nbsp;<\/p>\n<!-- AddThis Advanced Settings generic via filter on the_content --><!-- AddThis Share Buttons generic via filter on the_content -->","protected":false},"excerpt":{"rendered":"<p>Hoy se abre\u00a0una ilusi\u00f3n\u00a0para el proceso de avance de Espa\u00f1a, de la Espa\u00f1a\u00a0mayoritaria\u00a0 de trabajadores\u00a0que podr\u00e1n dar, un paso adelante cuando Europa no marcha al mismo ritmo.La coalici\u00f3n hist\u00f3rica de la Socialdemocracia , y los Comunistas, que no se di\u00f3 en 1921, mostrar\u00e1 100 a\u00f1os despu\u00e9s de lo que son capaces.Hoy surge SUMAR, un esfuerzo [&hellip;]<!-- AddThis Advanced Settings generic via filter on get_the_excerpt --><!-- AddThis Share Buttons generic via filter on get_the_excerpt --><\/p>\n","protected":false},"author":16,"featured_media":0,"comment_status":"open","ping_status":"closed","sticky":false,"template":"","format":"standard","meta":[],"categories":[1],"tags":[],"_links":{"self":[{"href":"https:\/\/blogs.elcomercio.es\/reflexiones-de-belarmino\/wp-json\/wp\/v2\/posts\/29363"}],"collection":[{"href":"https:\/\/blogs.elcomercio.es\/reflexiones-de-belarmino\/wp-json\/wp\/v2\/posts"}],"about":[{"href":"https:\/\/blogs.elcomercio.es\/reflexiones-de-belarmino\/wp-json\/wp\/v2\/types\/post"}],"author":[{"embeddable":true,"href":"https:\/\/blogs.elcomercio.es\/reflexiones-de-belarmino\/wp-json\/wp\/v2\/users\/16"}],"replies":[{"embeddable":true,"href":"https:\/\/blogs.elcomercio.es\/reflexiones-de-belarmino\/wp-json\/wp\/v2\/comments?post=29363"}],"version-history":[{"count":1,"href":"https:\/\/blogs.elcomercio.es\/reflexiones-de-belarmino\/wp-json\/wp\/v2\/posts\/29363\/revisions"}],"predecessor-version":[{"id":29364,"href":"https:\/\/blogs.elcomercio.es\/reflexiones-de-belarmino\/wp-json\/wp\/v2\/posts\/29363\/revisions\/29364"}],"wp:attachment":[{"href":"https:\/\/blogs.elcomercio.es\/reflexiones-de-belarmino\/wp-json\/wp\/v2\/media?parent=29363"}],"wp:term":[{"taxonomy":"category","embeddable":true,"href":"https:\/\/blogs.elcomercio.es\/reflexiones-de-belarmino\/wp-json\/wp\/v2\/categories?post=29363"},{"taxonomy":"post_tag","embeddable":true,"href":"https:\/\/blogs.elcomercio.es\/reflexiones-de-belarmino\/wp-json\/wp\/v2\/tags?post=29363"}],"curies":[{"name":"wp","href":"https:\/\/api.w.org\/{rel}","templated":true}]}}