{"id":29373,"date":"2023-04-03T12:27:06","date_gmt":"2023-04-03T10:27:06","guid":{"rendered":"https:\/\/blogs.elcomercio.es\/reflexiones-de-belarmino\/?p=29373"},"modified":"2023-04-03T12:27:06","modified_gmt":"2023-04-03T10:27:06","slug":"el-petroleo-sube-un-8-por-el-acuerdo-de-la-opep-plus-de-reducir-la-extraccion-hoy-el-brent-a-86-44","status":"publish","type":"post","link":"https:\/\/blogs.elcomercio.es\/reflexiones-de-belarmino\/2023\/04\/03\/el-petroleo-sube-un-8-por-el-acuerdo-de-la-opep-plus-de-reducir-la-extraccion-hoy-el-brent-a-86-44\/","title":{"rendered":"\u00a1\u00a1\u00a1\u00a1\u00a1EL PETROLEO SUBE UN 8 %, POR EL ACUERDO DE LA OPEP PLUS, DE REDUCIR LA EXTRACCI\u00d3N. HOY EL BRENT A 86.44 !!!"},"content":{"rendered":"<p><b>Hoy lunes, ante le decisi\u00f3n de la OPEP PLUS, de reducir la extracci\u00f3n\u00a01,100,000 barriles diarios, el precio del petroleo se dispar\u00f3 un 8 %. El Brent en este momento en 86.44dls\/b y el WTI 81.56 dls\/b.Tendr\u00e1 repercusiones.<\/b><\/p>\n<!-- AddThis Advanced Settings generic via filter on the_content --><!-- AddThis Share Buttons generic via filter on the_content -->","protected":false},"excerpt":{"rendered":"<p>Hoy lunes, ante le decisi\u00f3n de la OPEP PLUS, de reducir la extracci\u00f3n\u00a01,100,000 barriles diarios, el precio del petroleo se dispar\u00f3 un 8 %. El Brent en este momento en 86.44dls\/b y el WTI 81.56 dls\/b.Tendr\u00e1 repercusiones.<!-- AddThis Advanced Settings generic via filter on get_the_excerpt --><!-- AddThis Share Buttons generic via filter on get_the_excerpt --><\/p>\n","protected":false},"author":16,"featured_media":0,"comment_status":"open","ping_status":"closed","sticky":false,"template":"","format":"standard","meta":[],"categories":[1],"tags":[],"_links":{"self":[{"href":"https:\/\/blogs.elcomercio.es\/reflexiones-de-belarmino\/wp-json\/wp\/v2\/posts\/29373"}],"collection":[{"href":"https:\/\/blogs.elcomercio.es\/reflexiones-de-belarmino\/wp-json\/wp\/v2\/posts"}],"about":[{"href":"https:\/\/blogs.elcomercio.es\/reflexiones-de-belarmino\/wp-json\/wp\/v2\/types\/post"}],"author":[{"embeddable":true,"href":"https:\/\/blogs.elcomercio.es\/reflexiones-de-belarmino\/wp-json\/wp\/v2\/users\/16"}],"replies":[{"embeddable":true,"href":"https:\/\/blogs.elcomercio.es\/reflexiones-de-belarmino\/wp-json\/wp\/v2\/comments?post=29373"}],"version-history":[{"count":3,"href":"https:\/\/blogs.elcomercio.es\/reflexiones-de-belarmino\/wp-json\/wp\/v2\/posts\/29373\/revisions"}],"predecessor-version":[{"id":29376,"href":"https:\/\/blogs.elcomercio.es\/reflexiones-de-belarmino\/wp-json\/wp\/v2\/posts\/29373\/revisions\/29376"}],"wp:attachment":[{"href":"https:\/\/blogs.elcomercio.es\/reflexiones-de-belarmino\/wp-json\/wp\/v2\/media?parent=29373"}],"wp:term":[{"taxonomy":"category","embeddable":true,"href":"https:\/\/blogs.elcomercio.es\/reflexiones-de-belarmino\/wp-json\/wp\/v2\/categories?post=29373"},{"taxonomy":"post_tag","embeddable":true,"href":"https:\/\/blogs.elcomercio.es\/reflexiones-de-belarmino\/wp-json\/wp\/v2\/tags?post=29373"}],"curies":[{"name":"wp","href":"https:\/\/api.w.org\/{rel}","templated":true}]}}