{"id":29439,"date":"2023-04-07T10:38:27","date_gmt":"2023-04-07T08:38:27","guid":{"rendered":"https:\/\/blogs.elcomercio.es\/reflexiones-de-belarmino\/?p=29439"},"modified":"2023-04-07T10:38:27","modified_gmt":"2023-04-07T08:38:27","slug":"para-que-sirve-america-latina-daniel-gascon-en-el-pais-630-millones-de-habitantes-y-el-13-5-del-territorio-mundial","status":"publish","type":"post","link":"https:\/\/blogs.elcomercio.es\/reflexiones-de-belarmino\/2023\/04\/07\/para-que-sirve-america-latina-daniel-gascon-en-el-pais-630-millones-de-habitantes-y-el-13-5-del-territorio-mundial\/","title":{"rendered":"\u00a1\u00a1\u00a1&#8221;\u00bfPARA QU\u00c9 SIRVE AM\u00c9RICA LATINA&#8221;, DANIEL GASC\u00d3N EN EL PA\u00cdS?.- 630 MILLONES DE HABITANTES Y EL 13.5 % DEL TERRITORIO MUNDIAL !!!!"},"content":{"rendered":"<p><b>Hoy leemos en El Pa\u00eds, un art\u00edculo de un se\u00f1or Daniel\u00a0Gasc\u00f3n, que pregunta, \u00bf Para que sirve Am\u00e9rica\u00a0Latina ?. Requiere algunas\u00a0reflexiones.<\/b><\/p>\n<p><b>Se\u00f1or Gasc\u00f3n, Am\u00e9rica Latina\u00a0 tiene una poblaci\u00f3n superior a la de la Uni\u00f3n Europea, 630 millones de\u00a0habitantes y una superficie del\u00a013.5 % de la\u00a0superficie de la Tierra, y usted no se\u00a0har\u00eda esa pregunta colonial, si supiera que los casi 30 paises de Am\u00e9rica Latina y El Caribe, gracias a que Espa\u00f1a en el siglo XVI cuando el desarrollo cient\u00edfico, no hubiera pasado de \u00e9l sin aprender nada, por que todo lo explicaba la Escol\u00e1stica, y finalmente, ante un pa\u00eds brit\u00e1nico, ahora\u00a0imperio, dej\u00f3 divididas en 20, la poblaci\u00f3n de su &#8221; conquista&#8221;, en pleno atraso y presa f\u00e1cil\u00a0de los Estados Unidos durante dos siglos,su patio trasero, que les sirvi\u00f3 para tener materias primas en su patio trasero.<\/b><\/p>\n<p><b>Si en el Siglo XVI, y usted tiene que agradec\u00e9rselo\u00a0a la Iglesia Cat\u00f3lica\u00a0Espa\u00f1ola, Espa\u00f1a se hubiera subido al campo del desarrollo cient\u00edfico, no lo hizo. La Escol\u00e1stica, la Educaci\u00f3n de la Edad Media lo explicaba todo.Menos ingenuos fueron el resto de los paises de Europa(salvo Portugal) para quienes fueron lo que fueron gracias a no tener este lastre.<\/b><\/p>\n<p><b>Am\u00e9rica Latina, no s\u00f3lo tiene una poblaci\u00f3n joven superior a la de Europa, sino que tiene\u00a0todos los recursos minerales del mundo. Tan s\u00f3lo Venezuela tiene m\u00e1s petroleo que Arabia Saudita e Ir\u00e1n, y Bolivia, Brasil y M\u00e9xico, tienen m\u00e1s litio que en todo el mundo.<\/b><\/p>\n<p><strong>Las costas son 200 veces m\u00e1s grandes que las de toda Europa.<\/strong><\/p>\n<p><strong>Pero, sobre todo es un continente en ascenso, mientras nosotros estamos en el declive.<\/strong><\/p>\n<p><b>Tres escritores latinoamericanos se traducen\u00a0en el mundo m\u00e1s que en nuestro\u00a0Cervantes,. y M\u00e9xico tiene cuatro veces m\u00e1s hispano parlantes que Espa\u00f1a, sin considera a los 41 millones dentro de EE.UU, que suman igual que Espa\u00f1a.<\/b><\/p>\n<p><b>No entro\u00a0en detalles. M\u00e1s bien, la pregunta\u00a0es,\u00bf para\u00a0que quiere Am\u00e9rica Latina a Espa\u00f1a.?<\/b><\/p>\n<!-- AddThis Advanced Settings generic via filter on the_content --><!-- AddThis Share Buttons generic via filter on the_content -->","protected":false},"excerpt":{"rendered":"<p>Hoy leemos en El Pa\u00eds, un art\u00edculo de un se\u00f1or Daniel\u00a0Gasc\u00f3n, que pregunta, \u00bf Para que sirve Am\u00e9rica\u00a0Latina ?. Requiere algunas\u00a0reflexiones. Se\u00f1or Gasc\u00f3n, Am\u00e9rica Latina\u00a0 tiene una poblaci\u00f3n superior a la de la Uni\u00f3n Europea, 630 millones de\u00a0habitantes y una superficie del\u00a013.5 % de la\u00a0superficie de la Tierra, y usted no se\u00a0har\u00eda esa pregunta colonial, [&hellip;]<!-- AddThis Advanced Settings generic via filter on get_the_excerpt --><!-- AddThis Share Buttons generic via filter on get_the_excerpt --><\/p>\n","protected":false},"author":16,"featured_media":0,"comment_status":"open","ping_status":"closed","sticky":false,"template":"","format":"standard","meta":[],"categories":[1],"tags":[],"_links":{"self":[{"href":"https:\/\/blogs.elcomercio.es\/reflexiones-de-belarmino\/wp-json\/wp\/v2\/posts\/29439"}],"collection":[{"href":"https:\/\/blogs.elcomercio.es\/reflexiones-de-belarmino\/wp-json\/wp\/v2\/posts"}],"about":[{"href":"https:\/\/blogs.elcomercio.es\/reflexiones-de-belarmino\/wp-json\/wp\/v2\/types\/post"}],"author":[{"embeddable":true,"href":"https:\/\/blogs.elcomercio.es\/reflexiones-de-belarmino\/wp-json\/wp\/v2\/users\/16"}],"replies":[{"embeddable":true,"href":"https:\/\/blogs.elcomercio.es\/reflexiones-de-belarmino\/wp-json\/wp\/v2\/comments?post=29439"}],"version-history":[{"count":2,"href":"https:\/\/blogs.elcomercio.es\/reflexiones-de-belarmino\/wp-json\/wp\/v2\/posts\/29439\/revisions"}],"predecessor-version":[{"id":29441,"href":"https:\/\/blogs.elcomercio.es\/reflexiones-de-belarmino\/wp-json\/wp\/v2\/posts\/29439\/revisions\/29441"}],"wp:attachment":[{"href":"https:\/\/blogs.elcomercio.es\/reflexiones-de-belarmino\/wp-json\/wp\/v2\/media?parent=29439"}],"wp:term":[{"taxonomy":"category","embeddable":true,"href":"https:\/\/blogs.elcomercio.es\/reflexiones-de-belarmino\/wp-json\/wp\/v2\/categories?post=29439"},{"taxonomy":"post_tag","embeddable":true,"href":"https:\/\/blogs.elcomercio.es\/reflexiones-de-belarmino\/wp-json\/wp\/v2\/tags?post=29439"}],"curies":[{"name":"wp","href":"https:\/\/api.w.org\/{rel}","templated":true}]}}