{"id":29452,"date":"2023-04-07T19:38:03","date_gmt":"2023-04-07T17:38:03","guid":{"rendered":"https:\/\/blogs.elcomercio.es\/reflexiones-de-belarmino\/?p=29452"},"modified":"2023-04-07T19:38:03","modified_gmt":"2023-04-07T17:38:03","slug":"ki-los-sirio-libaneses-jacinto-canek-la-casta-divina-y-la-guerra-de-castas","status":"publish","type":"post","link":"https:\/\/blogs.elcomercio.es\/reflexiones-de-belarmino\/2023\/04\/07\/ki-los-sirio-libaneses-jacinto-canek-la-casta-divina-y-la-guerra-de-castas\/","title":{"rendered":"\u00a1\u00a1\u00a1KI, LOS SIRIO LIBANESES, JACINTO CANEK, LA CASTA DIVINA Y LA GUERRA DE CASTAS !!!"},"content":{"rendered":"<p><b>Cuando Espa\u00f1a , en 1898, perd\u00eda\u00a0Cuba, Puerto Rico, Filipinas y Guam, dejaban en el Mediterr\u00e1neo, libaneses cristianos en\u00a0busca de\u00a0nuevos horizontes, ante la decadencia del Imperio Otomano.Buscaban el calor y paises cristianos y en ese marco 700,000 de ellos llegaron a aquel pa\u00eds, desembarcando en el Puerto de Progreso de Yucat\u00e1n, a 10 kil\u00f3metros de donde estaba\u00a0sumergido aquel\u00a0meteorito que hacia 65 millones de a\u00f1os acab\u00f3 con los meteoritos. .<\/b><\/p>\n<p><b>Ellos no sab\u00eda que en 1761, 50 a\u00f1os antes de la independencia de Espa\u00f1a, se hab\u00eda levantado contra el imperio espa\u00f1ol, al frente de los mayas Jacinto\u00a0Canek en la Pen\u00ednsula de Yucat\u00e1n, no sab\u00edan del &#8220;Ki&#8221;, el oro verde de los mayas. Ellos llegaron, se diversificaron por el pa\u00eds, y en particular en la pen\u00ednsula\u00a0de Yucat\u00e1n.<\/b><\/p>\n<p><strong>No sab\u00edan que los mayas resistieron hasta 1901, y que de 1847 se lanzaron contra los criollos que hab\u00edan logrado la Independencia, e iniciaron lo que se llam\u00f3 la Guerra de Castas y que no fueron conquistados hasta 1901.<\/strong><\/p>\n<p><b>Tampoco sab\u00edan del Ki, y lo que suced\u00eda a su alrededor, donde, ese Ki, el henequ\u00e9n, que produc\u00eda una fibra de donde se hac\u00edan\u00a0sacos, cuerdas, hilos, fundamental en el comercio mundial hasta que lleg\u00f3 el pl\u00e1stico, hab\u00eda sido tomado por una plutocracia de criollos mexicano, y que tuvieron tanto poder que se les llam\u00f3 La Casta Divina. Ten\u00edan el control del henequ\u00e9n, y en sus grandes haciendas en Yucat\u00e1n, con v\u00edas de ferrocarril en cada una de ellas, ten\u00edan como siervos de la edad media, al pueblo maya, por supuesto con sus tiendas de raya<\/b><\/p>\n<p><b>Eran\u00a0 tan poderosos, que el Sisal, como se llamaba el puerto\u00a0de salida de la\u00a0pen\u00ednsula, di\u00f3 nombre a la fibra que era comprada\u00a0en todo el mundo, con la caracter\u00edstica\u00a0que la fibra y sus d\u00f3lares no pasaban por M\u00e9xico, sino salian y regresaban a trav\u00e9s de ese puerto.<\/b><\/p>\n<p><b>Sus finos trajes de lino blanco, cuando necesitaban tintorer\u00eda, lo enviaban a la Habana, y cuando visitaban Europa compraban propiedades, sobre todo inglesas, que transportaba\u00a0piedra por piedra para sus casas en la ciudad de M\u00e9rida, la capital de Yucat\u00e1n, donde se instalan\u00a0los despreciables, para ellos, &#8220;comerciantes sirio libaneses&#8221;, tratado por ellos con desprecio.<\/b><\/p>\n<p><b>En un caso \u00fanico en las colonias espa\u00f1olas, que toda la ciudad part\u00eda de la Plaza Central, donde estaban la gubernatura, el ayuntamiento, por supuesto la catedral , pero la Casta Divina\u00a0 lo cambi\u00f3 todo. Dej\u00f3 el centro y, los indios y el &#8220;populacho y sus clases medias, pusieron tierra de por medio y, sus gobernantes, iniciaron la ciudad en la monumental avenida llamada Montejo, en honor a los conquistadores, la zona de varios kil\u00f3metros donde ellos vivir\u00edan y colocar\u00edan sus fastuosas residencias.En ellas hab\u00edan colocado sus mansiones tra\u00eddos\u00a0en barco desde Europa, con dos niveles, en cuya planta \u00fanica vivir\u00edan en ellos, pero debajo exactamente de ellos, y de igual forman viv\u00edan su servidumbre al mas estilo ingl\u00e9s.<\/b><\/p>\n<p><b>Ese era el panorama, donde coexisten\u00a0los mayas cuya resistencia llego hasta Chan Santa Cruz, adelante de Tulum en la costa del Caribe Mexicano, la Casta Divina y los comerciantes liban\u00e9s, mal llamados por los Ponce y compa\u00f1\u00eda, con desprecio los sirio libaneses, &#8220;los turcos&#8221;.<\/b><\/p>\n<p><b>Mientras \u00e9stos crec\u00edan comerciando con su habilidad hist\u00f3rica, llenaban botellitas de arena, y recorr\u00edan toda la Pen\u00ednsula vendiendolas\u00a0a los campesinos que no conoc\u00edan el mar. Paulatinamente\u00a0fueron siendo poderosos, pero segu\u00edan viviendo en su peque\u00f1os Gheto en el centro de la ciudad.<\/b><\/p>\n<p><b>En 1910 que surge la Revoluci\u00f3n Mexicana, en la pen\u00ednsula\u00a0surge el Partido Socialista del Sureste, donde el gobernador Felipe Carrillo Puerto se enamora de una mujer de Kansas City llamada Alma Reed,\u00a0 &#8221; rubia, de ojos claros y divinos&#8221; y al no saber componer le pide a Ricardo Palmer\u00edn\u00a0que le componga &#8221; Peregrina&#8221; como obsequio a aquella mujer. Por supuesto el gobierno que estaba al servicio de la Casta Divina, lo captura a \u00e9l y a sus 4 hermanos, y los fusila coloc\u00e1ndolos\u00a0en una barda, que con el tiempo ser\u00eda el Pante\u00f3n Civil de M\u00e9rida.<\/b><\/p>\n<p><b>En 1917, el general Salvador Alvarado, miembro tambi\u00e9n del Partido Socialista del sureste, sugiere al presidente Carranza ir, donde estaba, realmente el dinero: en Yucat\u00e1n en manos de la Casta Divina, donde empez\u00f3 el final de las haciendas, pero ellos se trasladaron a &#8220;su ciudad de M\u00e9rida&#8221; en Paseo Montejo.<\/b><\/p>\n<p><b>Lo que era la Casta Divina, lo significa al saber que en las grandes\u00a0fiestas de Paseo de MOntejo, el perfume m\u00e1s apreciado, el que daba status era&#8230;..&#8221;.la gasolina&#8221;.Mujer que llevaba ese perfume, mujer que ten\u00eda auto , mujer de poder.<\/b><\/p>\n<p><b>El desprecio surgi\u00f3 hasta 1947, cuando una Ponce, se casa con un Chedraui, y se cambian los papeles.La ex Casta Divina termina siendo empleados de aquellos emigrantes, uno de los\u00a0cuales Pedro Joaqu\u00edn Coldwell llegar\u00eda a ser gobernador del Estado, y su padre due\u00f1o de la Isla de Cozumel.<\/b><\/p>\n<p><b>Muchos\u00a0a\u00f1os despu\u00e9s, el nieto\u00a0de Belarmino, iniciaba\u00a0sus campa\u00f1as\u00a0electorales\u00a0en Yucat\u00e1n, guardando un homenaje en el cementerio a Felipe Carrillo Puerto. Y ah\u00ed, descubri\u00f3 que aquella rubia que enamor\u00f3 a Carrillo Puerto , que lo sobrevivi\u00f3 30 a\u00f1os,Alma Reed estaba enterrada a 10 metros, en un cubo de m\u00e1rmol\u00a0sobre su tumba.<\/b><\/p>\n<p><b>Sobre esa historia, los mayas actuales, trabajan creando el TREN MAYA, descubriendo los vestigios\u00a0de la gran civilizaci\u00f3n de sus antepasados.<\/b><\/p>\n<!-- AddThis Advanced Settings generic via filter on the_content --><!-- AddThis Share Buttons generic via filter on the_content -->","protected":false},"excerpt":{"rendered":"<p>Cuando Espa\u00f1a , en 1898, perd\u00eda\u00a0Cuba, Puerto Rico, Filipinas y Guam, dejaban en el Mediterr\u00e1neo, libaneses cristianos en\u00a0busca de\u00a0nuevos horizontes, ante la decadencia del Imperio Otomano.Buscaban el calor y paises cristianos y en ese marco 700,000 de ellos llegaron a aquel pa\u00eds, desembarcando en el Puerto de Progreso de Yucat\u00e1n, a 10 kil\u00f3metros de donde [&hellip;]<!-- AddThis Advanced Settings generic via filter on get_the_excerpt --><!-- AddThis Share Buttons generic via filter on get_the_excerpt --><\/p>\n","protected":false},"author":16,"featured_media":0,"comment_status":"open","ping_status":"closed","sticky":false,"template":"","format":"standard","meta":[],"categories":[1],"tags":[],"_links":{"self":[{"href":"https:\/\/blogs.elcomercio.es\/reflexiones-de-belarmino\/wp-json\/wp\/v2\/posts\/29452"}],"collection":[{"href":"https:\/\/blogs.elcomercio.es\/reflexiones-de-belarmino\/wp-json\/wp\/v2\/posts"}],"about":[{"href":"https:\/\/blogs.elcomercio.es\/reflexiones-de-belarmino\/wp-json\/wp\/v2\/types\/post"}],"author":[{"embeddable":true,"href":"https:\/\/blogs.elcomercio.es\/reflexiones-de-belarmino\/wp-json\/wp\/v2\/users\/16"}],"replies":[{"embeddable":true,"href":"https:\/\/blogs.elcomercio.es\/reflexiones-de-belarmino\/wp-json\/wp\/v2\/comments?post=29452"}],"version-history":[{"count":3,"href":"https:\/\/blogs.elcomercio.es\/reflexiones-de-belarmino\/wp-json\/wp\/v2\/posts\/29452\/revisions"}],"predecessor-version":[{"id":29455,"href":"https:\/\/blogs.elcomercio.es\/reflexiones-de-belarmino\/wp-json\/wp\/v2\/posts\/29452\/revisions\/29455"}],"wp:attachment":[{"href":"https:\/\/blogs.elcomercio.es\/reflexiones-de-belarmino\/wp-json\/wp\/v2\/media?parent=29452"}],"wp:term":[{"taxonomy":"category","embeddable":true,"href":"https:\/\/blogs.elcomercio.es\/reflexiones-de-belarmino\/wp-json\/wp\/v2\/categories?post=29452"},{"taxonomy":"post_tag","embeddable":true,"href":"https:\/\/blogs.elcomercio.es\/reflexiones-de-belarmino\/wp-json\/wp\/v2\/tags?post=29452"}],"curies":[{"name":"wp","href":"https:\/\/api.w.org\/{rel}","templated":true}]}}