{"id":29582,"date":"2023-04-15T11:42:42","date_gmt":"2023-04-15T09:42:42","guid":{"rendered":"https:\/\/blogs.elcomercio.es\/reflexiones-de-belarmino\/?p=29582"},"modified":"2023-04-15T11:42:42","modified_gmt":"2023-04-15T09:42:42","slug":"se-acabo-la-energia-nuclear-en-alemania-derriban-tres-centrales-las-ultimas","status":"publish","type":"post","link":"https:\/\/blogs.elcomercio.es\/reflexiones-de-belarmino\/2023\/04\/15\/se-acabo-la-energia-nuclear-en-alemania-derriban-tres-centrales-las-ultimas\/","title":{"rendered":"\u00a1\u00a1\u00a1\u00a1SE ACAB\u00d3 LA ENERG\u00cdA NUCLEAR EN ALEMANIA. DERRIBAN TRES CENTRALES, LAS \u00daLTIMAS !!!"},"content":{"rendered":"<p><b>Por fin, 11 a\u00f1os despu\u00e9s de la decisi\u00f3n\u00a0de\u00a0Angela Merkel, hoy en Alemania acaban de destruir las \u00faltimas tres centrales\u00a0nucleares.<\/b><\/p>\n<!-- AddThis Advanced Settings generic via filter on the_content --><!-- AddThis Share Buttons generic via filter on the_content -->","protected":false},"excerpt":{"rendered":"<p>Por fin, 11 a\u00f1os despu\u00e9s de la decisi\u00f3n\u00a0de\u00a0Angela Merkel, hoy en Alemania acaban de destruir las \u00faltimas tres centrales\u00a0nucleares.<!-- AddThis Advanced Settings generic via filter on get_the_excerpt --><!-- AddThis Share Buttons generic via filter on get_the_excerpt --><\/p>\n","protected":false},"author":16,"featured_media":0,"comment_status":"open","ping_status":"closed","sticky":false,"template":"","format":"standard","meta":[],"categories":[1],"tags":[],"_links":{"self":[{"href":"https:\/\/blogs.elcomercio.es\/reflexiones-de-belarmino\/wp-json\/wp\/v2\/posts\/29582"}],"collection":[{"href":"https:\/\/blogs.elcomercio.es\/reflexiones-de-belarmino\/wp-json\/wp\/v2\/posts"}],"about":[{"href":"https:\/\/blogs.elcomercio.es\/reflexiones-de-belarmino\/wp-json\/wp\/v2\/types\/post"}],"author":[{"embeddable":true,"href":"https:\/\/blogs.elcomercio.es\/reflexiones-de-belarmino\/wp-json\/wp\/v2\/users\/16"}],"replies":[{"embeddable":true,"href":"https:\/\/blogs.elcomercio.es\/reflexiones-de-belarmino\/wp-json\/wp\/v2\/comments?post=29582"}],"version-history":[{"count":1,"href":"https:\/\/blogs.elcomercio.es\/reflexiones-de-belarmino\/wp-json\/wp\/v2\/posts\/29582\/revisions"}],"predecessor-version":[{"id":29583,"href":"https:\/\/blogs.elcomercio.es\/reflexiones-de-belarmino\/wp-json\/wp\/v2\/posts\/29582\/revisions\/29583"}],"wp:attachment":[{"href":"https:\/\/blogs.elcomercio.es\/reflexiones-de-belarmino\/wp-json\/wp\/v2\/media?parent=29582"}],"wp:term":[{"taxonomy":"category","embeddable":true,"href":"https:\/\/blogs.elcomercio.es\/reflexiones-de-belarmino\/wp-json\/wp\/v2\/categories?post=29582"},{"taxonomy":"post_tag","embeddable":true,"href":"https:\/\/blogs.elcomercio.es\/reflexiones-de-belarmino\/wp-json\/wp\/v2\/tags?post=29582"}],"curies":[{"name":"wp","href":"https:\/\/api.w.org\/{rel}","templated":true}]}}