{"id":29588,"date":"2023-04-15T12:51:48","date_gmt":"2023-04-15T10:51:48","guid":{"rendered":"https:\/\/blogs.elcomercio.es\/reflexiones-de-belarmino\/?p=29588"},"modified":"2023-04-15T12:51:48","modified_gmt":"2023-04-15T10:51:48","slug":"lula-en-pekin-acusa-a-estados-unidos-de-incentivar-la-guerra","status":"publish","type":"post","link":"https:\/\/blogs.elcomercio.es\/reflexiones-de-belarmino\/2023\/04\/15\/lula-en-pekin-acusa-a-estados-unidos-de-incentivar-la-guerra\/","title":{"rendered":"\u00a1\u00a1\u00a1\u00a1LULA, EN PEK\u00cdN ACUSA A ESTADOS UNIDOS DE INCENTIVAR LA GUERRA !!!"},"content":{"rendered":"<p><b>Por fin, pudo llegar a Pek\u00edn\u00a0Lula, el presidente de Brasil. Antes puso en movimiento la maquinaria para los procesos que tiene pendientes Jair Bolsonaro, cuid\u00f3 su garganta.Ayer tuvo una muy importante reuni\u00f2n de varias horas con Xi Jinping, alcanzando acuerdos econ\u00f3micos, pol\u00edticos, energ\u00e9ticos muy importantes, reanudando la gran relaci\u00f3n\u00a0con China. No olvidemos que ambos forman parte de la alianza\u00a0de los BRICS( Brasil, Rusia, India, China y Sud\u00e1frica).<\/b><\/p>\n<p><strong>Ayer dijo lo que mas de 100 presidentes, no de Occidente, piensan de por que existe la guerra en Ucrania y por que cada d\u00eda parece\u00a0 ir a m\u00e1s.Lula, acus\u00f3 a Estados Unidos de incentivar la guerra<\/strong><\/p>\n<!-- AddThis Advanced Settings generic via filter on the_content --><!-- AddThis Share Buttons generic via filter on the_content -->","protected":false},"excerpt":{"rendered":"<p>Por fin, pudo llegar a Pek\u00edn\u00a0Lula, el presidente de Brasil. Antes puso en movimiento la maquinaria para los procesos que tiene pendientes Jair Bolsonaro, cuid\u00f3 su garganta.Ayer tuvo una muy importante reuni\u00f2n de varias horas con Xi Jinping, alcanzando acuerdos econ\u00f3micos, pol\u00edticos, energ\u00e9ticos muy importantes, reanudando la gran relaci\u00f3n\u00a0con China. No olvidemos que ambos forman [&hellip;]<!-- AddThis Advanced Settings generic via filter on get_the_excerpt --><!-- AddThis Share Buttons generic via filter on get_the_excerpt --><\/p>\n","protected":false},"author":16,"featured_media":0,"comment_status":"open","ping_status":"closed","sticky":false,"template":"","format":"standard","meta":[],"categories":[1],"tags":[],"_links":{"self":[{"href":"https:\/\/blogs.elcomercio.es\/reflexiones-de-belarmino\/wp-json\/wp\/v2\/posts\/29588"}],"collection":[{"href":"https:\/\/blogs.elcomercio.es\/reflexiones-de-belarmino\/wp-json\/wp\/v2\/posts"}],"about":[{"href":"https:\/\/blogs.elcomercio.es\/reflexiones-de-belarmino\/wp-json\/wp\/v2\/types\/post"}],"author":[{"embeddable":true,"href":"https:\/\/blogs.elcomercio.es\/reflexiones-de-belarmino\/wp-json\/wp\/v2\/users\/16"}],"replies":[{"embeddable":true,"href":"https:\/\/blogs.elcomercio.es\/reflexiones-de-belarmino\/wp-json\/wp\/v2\/comments?post=29588"}],"version-history":[{"count":1,"href":"https:\/\/blogs.elcomercio.es\/reflexiones-de-belarmino\/wp-json\/wp\/v2\/posts\/29588\/revisions"}],"predecessor-version":[{"id":29589,"href":"https:\/\/blogs.elcomercio.es\/reflexiones-de-belarmino\/wp-json\/wp\/v2\/posts\/29588\/revisions\/29589"}],"wp:attachment":[{"href":"https:\/\/blogs.elcomercio.es\/reflexiones-de-belarmino\/wp-json\/wp\/v2\/media?parent=29588"}],"wp:term":[{"taxonomy":"category","embeddable":true,"href":"https:\/\/blogs.elcomercio.es\/reflexiones-de-belarmino\/wp-json\/wp\/v2\/categories?post=29588"},{"taxonomy":"post_tag","embeddable":true,"href":"https:\/\/blogs.elcomercio.es\/reflexiones-de-belarmino\/wp-json\/wp\/v2\/tags?post=29588"}],"curies":[{"name":"wp","href":"https:\/\/api.w.org\/{rel}","templated":true}]}}