{"id":29596,"date":"2023-04-15T19:15:58","date_gmt":"2023-04-15T17:15:58","guid":{"rendered":"https:\/\/blogs.elcomercio.es\/reflexiones-de-belarmino\/?p=29596"},"modified":"2023-04-15T19:15:58","modified_gmt":"2023-04-15T17:15:58","slug":"va-estados-unidos-con-todo-por-los-hijos-del-chapo-dos-sociedades-chinas-e-intermediaria-guatemalteca","status":"publish","type":"post","link":"https:\/\/blogs.elcomercio.es\/reflexiones-de-belarmino\/2023\/04\/15\/va-estados-unidos-con-todo-por-los-hijos-del-chapo-dos-sociedades-chinas-e-intermediaria-guatemalteca\/","title":{"rendered":"\u00a1\u00a1\u00a1\u00a1VA ESTADOS UNIDOS CON TODO POR LOS HIJOS DEL &#8220;CHAPO&#8221;, DOS SOCIEDADES CHINAS E INTERMEDIARIA GUATEMALTECA !!!"},"content":{"rendered":"<p><b>Tras la reuni\u00f3n conjunta en la Casa Blanca de los gabinetes de seguridad de EE:UU y M\u00e9xico, se tuvo toda la informaci\u00f3n y se inici\u00f3 una acci\u00f3n conjunta.Hoy el Secretario de Justicia de EE:UU,, inform\u00f3 que van tras los 3 hijos del &#8220;Chapo&#8221; Guzman, llamados los &#8220;Chapitos&#8221;, ofreciendo para Iv\u00e1n\u00a0Archivaldo y Jes\u00fas\u00a0Alfredo Guzm\u00e1n Salazar 10 millones de d\u00f3lares por\u00a0cada uno de ellos y 5 millones por Joaqu\u00edn Guzm\u00e1n Salazar, al cuarto lo detuvo el ej\u00e9rcito\u00a0mexicano hace 2 meses y se llama Ovidio, prepar\u00e1ndose para ssu extradici\u00f3n\u00a0a los Estados Unidos.<\/b><\/p>\n<p><b>Adem\u00e1s van tras\u00a0dos empresas chinas distribuidoras de la sustancia\u00a0base del Fentanilo y de la guatemalteca Ana Gabriel Rubio Zeta.<\/b><\/p>\n<p><b>&#8221; Heredaron un imperio mundial del narco, lo hicieron\u00a0m\u00e1s despiadado,m\u00e1s violento y letal, cuya culminaci\u00f3n fue el Fentanilo, que mata en EE:UU. a personas entre 18 y 45 a\u00f1os, m\u00e1s que todos los accidentes de autos, el c\u00e1ncer, y la covid en los EE:UU.&#8221; y&#8221; se han convertido en la mayor, mas violenta y las mas prol\u00edfica\u00a0operadora\u00a0del Fentanilo en el mundo.&#8221;.<\/b><\/p>\n<p><b>Con la experiencia de a\u00f1os de seguir estas operaciones en M\u00e9xico, tras la detenci\u00f3n del Chapo,\u00a0 creo que\u00a0 es la m\u00e1s poderosa acci\u00f3n del Gobierno de EE:UU contra los c\u00e1rteles mexicanos.<\/b><\/p>\n<p><b>Los &#8221; Chapitos&#8221; y el C\u00e1rtel\u00a0Jalisco Nuevas\u00a0Generaciones, son lo que queda de todos aquellos Carteles, mientras el Capo de todos ellos Sergio Garc\u00eda Luna ha\u00a0sido condenado\u00a0en EE:UU y puede caerle cadena perpetua.<\/b><\/p>\n<p><b>Mientras\u00a0\u00a0los expresidentes Felipe Calder\u00f3n y Enrique Pe\u00f1a Nieto, sus impulsores, los que tienen baajo sus espaldas 250,000 muertos, siguen con, los mariscos,\u00a0 los chuletones de Avila y los Vega Sicilia, arropados en Espa\u00f1a, por sus amigos como\u00a0 Jos\u00e9 Mar\u00eda Aznar, el hombre que llev\u00f3 al fraude contra L\u00f3pez Obrador y a Felipe Calder\u00f3n\u00a0como presidente de la Rep\u00fablica, o la tarjeta VIP Dorada que se debe a Rajoy para\u00a0cubrir a los que trajeran sus capitales, como fue el caso de Enrique Pe\u00f1a Nieto.<\/b><\/p>\n<!-- AddThis Advanced Settings generic via filter on the_content --><!-- AddThis Share Buttons generic via filter on the_content -->","protected":false},"excerpt":{"rendered":"<p>Tras la reuni\u00f3n conjunta en la Casa Blanca de los gabinetes de seguridad de EE:UU y M\u00e9xico, se tuvo toda la informaci\u00f3n y se inici\u00f3 una acci\u00f3n conjunta.Hoy el Secretario de Justicia de EE:UU,, inform\u00f3 que van tras los 3 hijos del &#8220;Chapo&#8221; Guzman, llamados los &#8220;Chapitos&#8221;, ofreciendo para Iv\u00e1n\u00a0Archivaldo y Jes\u00fas\u00a0Alfredo Guzm\u00e1n Salazar 10 [&hellip;]<!-- AddThis Advanced Settings generic via filter on get_the_excerpt --><!-- AddThis Share Buttons generic via filter on get_the_excerpt --><\/p>\n","protected":false},"author":16,"featured_media":0,"comment_status":"open","ping_status":"closed","sticky":false,"template":"","format":"standard","meta":[],"categories":[1],"tags":[],"_links":{"self":[{"href":"https:\/\/blogs.elcomercio.es\/reflexiones-de-belarmino\/wp-json\/wp\/v2\/posts\/29596"}],"collection":[{"href":"https:\/\/blogs.elcomercio.es\/reflexiones-de-belarmino\/wp-json\/wp\/v2\/posts"}],"about":[{"href":"https:\/\/blogs.elcomercio.es\/reflexiones-de-belarmino\/wp-json\/wp\/v2\/types\/post"}],"author":[{"embeddable":true,"href":"https:\/\/blogs.elcomercio.es\/reflexiones-de-belarmino\/wp-json\/wp\/v2\/users\/16"}],"replies":[{"embeddable":true,"href":"https:\/\/blogs.elcomercio.es\/reflexiones-de-belarmino\/wp-json\/wp\/v2\/comments?post=29596"}],"version-history":[{"count":2,"href":"https:\/\/blogs.elcomercio.es\/reflexiones-de-belarmino\/wp-json\/wp\/v2\/posts\/29596\/revisions"}],"predecessor-version":[{"id":29598,"href":"https:\/\/blogs.elcomercio.es\/reflexiones-de-belarmino\/wp-json\/wp\/v2\/posts\/29596\/revisions\/29598"}],"wp:attachment":[{"href":"https:\/\/blogs.elcomercio.es\/reflexiones-de-belarmino\/wp-json\/wp\/v2\/media?parent=29596"}],"wp:term":[{"taxonomy":"category","embeddable":true,"href":"https:\/\/blogs.elcomercio.es\/reflexiones-de-belarmino\/wp-json\/wp\/v2\/categories?post=29596"},{"taxonomy":"post_tag","embeddable":true,"href":"https:\/\/blogs.elcomercio.es\/reflexiones-de-belarmino\/wp-json\/wp\/v2\/tags?post=29596"}],"curies":[{"name":"wp","href":"https:\/\/api.w.org\/{rel}","templated":true}]}}