{"id":29989,"date":"2023-05-07T11:04:12","date_gmt":"2023-05-07T09:04:12","guid":{"rendered":"https:\/\/blogs.elcomercio.es\/reflexiones-de-belarmino\/?p=29989"},"modified":"2023-05-07T11:04:12","modified_gmt":"2023-05-07T09:04:12","slug":"la-inteligencia-artificial-se-nos-puede-revertir-kamala-harris-en-reunion-con-las-grandes-tecnologicas","status":"publish","type":"post","link":"https:\/\/blogs.elcomercio.es\/reflexiones-de-belarmino\/2023\/05\/07\/la-inteligencia-artificial-se-nos-puede-revertir-kamala-harris-en-reunion-con-las-grandes-tecnologicas\/","title":{"rendered":"\u00a1\u00a1\u00a1&#8221; LA INTELIGENCIA ARTIFICIAL SE NOS PUEDE REVERTIR&#8221;: KAMALA HARRIS EN REUNI\u00d3N CON LAS GRANDES TECNOL\u00d3GICAS !!!"},"content":{"rendered":"<p><b>Las alarmas empiezan a escucharse, en todo el mundo.Ayer Kamala Harris cit\u00f3 a los due\u00f1os de Google, Microsoft,Open AI y Antropic para dejarles claro el papel que juegan en que la inteligencia artificial se nos pueda revertir y la responsabilidad de ellas.<\/b><\/p>\n<!-- AddThis Advanced Settings generic via filter on the_content --><!-- AddThis Share Buttons generic via filter on the_content -->","protected":false},"excerpt":{"rendered":"<p>Las alarmas empiezan a escucharse, en todo el mundo.Ayer Kamala Harris cit\u00f3 a los due\u00f1os de Google, Microsoft,Open AI y Antropic para dejarles claro el papel que juegan en que la inteligencia artificial se nos pueda revertir y la responsabilidad de ellas.<!-- AddThis Advanced Settings generic via filter on get_the_excerpt --><!-- AddThis Share Buttons generic via filter on get_the_excerpt --><\/p>\n","protected":false},"author":16,"featured_media":0,"comment_status":"open","ping_status":"closed","sticky":false,"template":"","format":"standard","meta":[],"categories":[1],"tags":[],"_links":{"self":[{"href":"https:\/\/blogs.elcomercio.es\/reflexiones-de-belarmino\/wp-json\/wp\/v2\/posts\/29989"}],"collection":[{"href":"https:\/\/blogs.elcomercio.es\/reflexiones-de-belarmino\/wp-json\/wp\/v2\/posts"}],"about":[{"href":"https:\/\/blogs.elcomercio.es\/reflexiones-de-belarmino\/wp-json\/wp\/v2\/types\/post"}],"author":[{"embeddable":true,"href":"https:\/\/blogs.elcomercio.es\/reflexiones-de-belarmino\/wp-json\/wp\/v2\/users\/16"}],"replies":[{"embeddable":true,"href":"https:\/\/blogs.elcomercio.es\/reflexiones-de-belarmino\/wp-json\/wp\/v2\/comments?post=29989"}],"version-history":[{"count":3,"href":"https:\/\/blogs.elcomercio.es\/reflexiones-de-belarmino\/wp-json\/wp\/v2\/posts\/29989\/revisions"}],"predecessor-version":[{"id":29992,"href":"https:\/\/blogs.elcomercio.es\/reflexiones-de-belarmino\/wp-json\/wp\/v2\/posts\/29989\/revisions\/29992"}],"wp:attachment":[{"href":"https:\/\/blogs.elcomercio.es\/reflexiones-de-belarmino\/wp-json\/wp\/v2\/media?parent=29989"}],"wp:term":[{"taxonomy":"category","embeddable":true,"href":"https:\/\/blogs.elcomercio.es\/reflexiones-de-belarmino\/wp-json\/wp\/v2\/categories?post=29989"},{"taxonomy":"post_tag","embeddable":true,"href":"https:\/\/blogs.elcomercio.es\/reflexiones-de-belarmino\/wp-json\/wp\/v2\/tags?post=29989"}],"curies":[{"name":"wp","href":"https:\/\/api.w.org\/{rel}","templated":true}]}}