{"id":30118,"date":"2023-05-13T12:25:59","date_gmt":"2023-05-13T10:25:59","guid":{"rendered":"https:\/\/blogs.elcomercio.es\/reflexiones-de-belarmino\/?p=30118"},"modified":"2023-05-13T12:26:52","modified_gmt":"2023-05-13T10:26:52","slug":"yolanda-diaz-isabel-diaz-ayuso-claudia-scheinbaum-aspirantes-a-la-presidencia-claudia-lo-seria-en-2024","status":"publish","type":"post","link":"https:\/\/blogs.elcomercio.es\/reflexiones-de-belarmino\/2023\/05\/13\/yolanda-diaz-isabel-diaz-ayuso-claudia-scheinbaum-aspirantes-a-la-presidencia-claudia-lo-seria-en-2024\/","title":{"rendered":"\u00a1\u00a1\u00a1\u00a1\u00a1YOLANDA DIAZ, ISABEL DIAZ AYUSO, CLAUDIA SCHEINBAUM ASPIRANTES A LA PRESIDENCIA. CLAUDIA LO SER\u00cdA EN 2024 !!!"},"content":{"rendered":"<p><b>Tres mujeres aspiran a la presidencia en Espa\u00f1a y en M\u00e9xico. Yolanda D\u00edaz ya lo dijo publicamente,Isabel D\u00edaz Ayuso lo pretende, pero tiene que quitarse antes de Feij\u00f3o, y Claudia es una de las aspirantes de Morena, para continuar el trabajo abierto por L\u00f3pez Obrador.De las 3, una lo podr\u00eda ser dentro de un a\u00f1o en las elecciones presidencial, que es la gobernadora de la Ciudad de M\u00e9xico.Las otras dos, tendr\u00edan\u00a0que esperar hasta\u00a02028.<\/b><\/p>\n<!-- AddThis Advanced Settings generic via filter on the_content --><!-- AddThis Share Buttons generic via filter on the_content -->","protected":false},"excerpt":{"rendered":"<p>Tres mujeres aspiran a la presidencia en Espa\u00f1a y en M\u00e9xico. Yolanda D\u00edaz ya lo dijo publicamente,Isabel D\u00edaz Ayuso lo pretende, pero tiene que quitarse antes de Feij\u00f3o, y Claudia es una de las aspirantes de Morena, para continuar el trabajo abierto por L\u00f3pez Obrador.De las 3, una lo podr\u00eda ser dentro de un a\u00f1o [&hellip;]<!-- AddThis Advanced Settings generic via filter on get_the_excerpt --><!-- AddThis Share Buttons generic via filter on get_the_excerpt --><\/p>\n","protected":false},"author":16,"featured_media":0,"comment_status":"open","ping_status":"closed","sticky":false,"template":"","format":"standard","meta":[],"categories":[1],"tags":[],"_links":{"self":[{"href":"https:\/\/blogs.elcomercio.es\/reflexiones-de-belarmino\/wp-json\/wp\/v2\/posts\/30118"}],"collection":[{"href":"https:\/\/blogs.elcomercio.es\/reflexiones-de-belarmino\/wp-json\/wp\/v2\/posts"}],"about":[{"href":"https:\/\/blogs.elcomercio.es\/reflexiones-de-belarmino\/wp-json\/wp\/v2\/types\/post"}],"author":[{"embeddable":true,"href":"https:\/\/blogs.elcomercio.es\/reflexiones-de-belarmino\/wp-json\/wp\/v2\/users\/16"}],"replies":[{"embeddable":true,"href":"https:\/\/blogs.elcomercio.es\/reflexiones-de-belarmino\/wp-json\/wp\/v2\/comments?post=30118"}],"version-history":[{"count":5,"href":"https:\/\/blogs.elcomercio.es\/reflexiones-de-belarmino\/wp-json\/wp\/v2\/posts\/30118\/revisions"}],"predecessor-version":[{"id":30123,"href":"https:\/\/blogs.elcomercio.es\/reflexiones-de-belarmino\/wp-json\/wp\/v2\/posts\/30118\/revisions\/30123"}],"wp:attachment":[{"href":"https:\/\/blogs.elcomercio.es\/reflexiones-de-belarmino\/wp-json\/wp\/v2\/media?parent=30118"}],"wp:term":[{"taxonomy":"category","embeddable":true,"href":"https:\/\/blogs.elcomercio.es\/reflexiones-de-belarmino\/wp-json\/wp\/v2\/categories?post=30118"},{"taxonomy":"post_tag","embeddable":true,"href":"https:\/\/blogs.elcomercio.es\/reflexiones-de-belarmino\/wp-json\/wp\/v2\/tags?post=30118"}],"curies":[{"name":"wp","href":"https:\/\/api.w.org\/{rel}","templated":true}]}}