{"id":30160,"date":"2023-05-14T19:26:45","date_gmt":"2023-05-14T17:26:45","guid":{"rendered":"https:\/\/blogs.elcomercio.es\/reflexiones-de-belarmino\/?p=30160"},"modified":"2023-05-14T19:26:45","modified_gmt":"2023-05-14T17:26:45","slug":"o-leonor-o-tu-padre-le-dijo-en-la-intimidad-la-piedra-en-el-zapato-a-quien-admira-carlos-iii-y-por-lo-que-estan-en-londres-las-puertas-cerradas","status":"publish","type":"post","link":"https:\/\/blogs.elcomercio.es\/reflexiones-de-belarmino\/2023\/05\/14\/o-leonor-o-tu-padre-le-dijo-en-la-intimidad-la-piedra-en-el-zapato-a-quien-admira-carlos-iii-y-por-lo-que-estan-en-londres-las-puertas-cerradas\/","title":{"rendered":"\u00a1\u00a1\u00a1 &#8220;\u00bfO LEONOR O TU PADRE ?,&#8221; LE DIJO EN LA INTIMIDAD, LA PIEDRA EN EL ZAPATO A QUIEN ADMIRA CARLOS III, Y POR LO QUE EST\u00c1N EN LONDRES LAS PUERTAS CERRADAS !!!"},"content":{"rendered":"<p><strong>Sin necesidad de ser analista de la Casa Real, sino simplemente como quien ata cabos sueltos, algunos sin importancia.<\/strong><\/p>\n<p><b>Un d\u00eda en Zarzuela, las hijas dormidas, conversaron relajadamente la &#8220;hija del taxista&#8221; con el Rey de Espa\u00f1a. Era el momento de poner las cartas sobre la mesa. Ella, muy inteligente, con experiencia sab\u00eda donde y como. Del an\u00e1lisis\u00a0y aquella conversaci\u00f3n, surgi\u00f3 en firme la &#8220;piedra en la zapato&#8221; de Juan Carlos I.&#8221;Tu me ense\u00f1aste que por encima de las personas, est\u00e1 la Monarqu\u00eda. Es el momento de decidir entre tu padre y tu familia y tus hijas,sobre todo de Leonor.<\/b><\/p>\n<p><b>Atr\u00e1s habia quedado Botswana, Corina, la abdicaci\u00f3n, el manejo de la fortuna y la divisi\u00f3n de la familia.El Em\u00e9rito sab\u00eda muy bien y hace a\u00f1os lo comentamos aqu\u00ed, la fecha en la que ten\u00eda que irse de Espa\u00f1a(nadie lo ha echado, el se fue a Abu Dabi) antes de vencer el plazo para cambiar de domicilio\u00a0fiscal y alejarse de\u00a0las luces de Hacienda espa\u00f1olas. Era necesario salir fuera, y a un pais amigo\u00a0dondee nadie\u00a0pudiera intervenir: Una monarqu\u00eda \u00e1rabe\u00a0y, tras hablarle\u00a0se decidi\u00f3\u00a0por Abu Dabi..<\/b><\/p>\n<p><b>La esposa con quien tiene un compromiso sellado\u00a0ante Franco de un capital a cambio de no divorciarse nunca\u00a0de \u00e9l, le importaba\u00a0poco, es m\u00e1s le dar\u00eda mas facilidad de movimientos. Las hijas, derrotadas en aquella pugna s\u00f3lo ten\u00edan que cuidar su patrimonio\u00a0y la de sus hijos, y por ello su presencia siempre\u00a0al lado del padre.<\/b><\/p>\n<p><b>Pero, all\u00ed, le empez\u00f3\u00a0a entrar la morri\u00f1a. Harto de lo \u00e1rabe, a pesar del lujo, de Marta Gaya en visitas leales y espor\u00e1dicas, necesitado de la comida y sus amigos, empez\u00f3 a mover fichas para regresar, aunque fuese peri\u00f3dicamente, con el pretexto de las regatas.<\/b><\/p>\n<p><b>El a\u00f1o pasado, sin entender o aparentarlo, respondi\u00f3 a la prensa: &#8221; \u00bfExplicaciones?, de que ?.&#8221;.Pero, lo intent\u00f3 de nuevo este a\u00f1o. El camino era pasar por Londres a &#8220;almorzar con Carlos III, y luego aspiraba a ser invitado a la coronaci\u00f3n, pero, Londres habia cambiado.<\/b><\/p>\n<p><b>Se suele olvidar una nota perdida de hace un a\u00f1o, donde se hablaba de la debilidad del Principe Carlos con la reina\u00a0Leticia (la piedra en el zapato del Em\u00e9rito), y como ella lo tuvo esperando 30 minutos , en Londres antes de bajar de su habitaci\u00f3n para conversar\u00a0con el..<\/b><\/p>\n<p><strong>Por ello, bast\u00f3 un telefonazo de Leticia, y ni hubo almuerzo ni fue invitado a la coronaci\u00f3n.Lo que le hab\u00edan hecho a ella en el funeral de Isabel II, de sentarla al lado del Em\u00e9rito que burlonamente comentaba algo con Sofia, no iba a quedar sin respuesta.<\/strong><\/p>\n<p><b>Estos momentos no\u00a0 son los indicados entre Monarqu\u00eda o Rep\u00fablica. Hoy es el momento de la Monarqu\u00eda con Felipe y Leticia, por que Espa\u00f1a no esta preparada para discutir este tema, con la divisi\u00f3n que todav\u00eda persista.<\/b><\/p>\n<p><b>Juan Carlos I, s\u00f3lo regresara a Espa\u00f1a para morir. Felipe y Leticia gobernar\u00e1n con el proyecto que mas los consolida el encabezado\u00a0por Pedro S\u00e1nchez, y\u00a0 tras 2028, ya se decidir\u00e1.<\/b><\/p>\n<p>&nbsp;<\/p>\n<p>&nbsp;<\/p>\n<p><strong>\u00a0<\/strong><\/p>\n<p>.<\/p>\n<!-- AddThis Advanced Settings generic via filter on the_content --><!-- AddThis Share Buttons generic via filter on the_content -->","protected":false},"excerpt":{"rendered":"<p>Sin necesidad de ser analista de la Casa Real, sino simplemente como quien ata cabos sueltos, algunos sin importancia. Un d\u00eda en Zarzuela, las hijas dormidas, conversaron relajadamente la &#8220;hija del taxista&#8221; con el Rey de Espa\u00f1a. Era el momento de poner las cartas sobre la mesa. Ella, muy inteligente, con experiencia sab\u00eda donde y [&hellip;]<!-- AddThis Advanced Settings generic via filter on get_the_excerpt --><!-- AddThis Share Buttons generic via filter on get_the_excerpt --><\/p>\n","protected":false},"author":16,"featured_media":0,"comment_status":"open","ping_status":"closed","sticky":false,"template":"","format":"standard","meta":[],"categories":[1],"tags":[],"_links":{"self":[{"href":"https:\/\/blogs.elcomercio.es\/reflexiones-de-belarmino\/wp-json\/wp\/v2\/posts\/30160"}],"collection":[{"href":"https:\/\/blogs.elcomercio.es\/reflexiones-de-belarmino\/wp-json\/wp\/v2\/posts"}],"about":[{"href":"https:\/\/blogs.elcomercio.es\/reflexiones-de-belarmino\/wp-json\/wp\/v2\/types\/post"}],"author":[{"embeddable":true,"href":"https:\/\/blogs.elcomercio.es\/reflexiones-de-belarmino\/wp-json\/wp\/v2\/users\/16"}],"replies":[{"embeddable":true,"href":"https:\/\/blogs.elcomercio.es\/reflexiones-de-belarmino\/wp-json\/wp\/v2\/comments?post=30160"}],"version-history":[{"count":4,"href":"https:\/\/blogs.elcomercio.es\/reflexiones-de-belarmino\/wp-json\/wp\/v2\/posts\/30160\/revisions"}],"predecessor-version":[{"id":30164,"href":"https:\/\/blogs.elcomercio.es\/reflexiones-de-belarmino\/wp-json\/wp\/v2\/posts\/30160\/revisions\/30164"}],"wp:attachment":[{"href":"https:\/\/blogs.elcomercio.es\/reflexiones-de-belarmino\/wp-json\/wp\/v2\/media?parent=30160"}],"wp:term":[{"taxonomy":"category","embeddable":true,"href":"https:\/\/blogs.elcomercio.es\/reflexiones-de-belarmino\/wp-json\/wp\/v2\/categories?post=30160"},{"taxonomy":"post_tag","embeddable":true,"href":"https:\/\/blogs.elcomercio.es\/reflexiones-de-belarmino\/wp-json\/wp\/v2\/tags?post=30160"}],"curies":[{"name":"wp","href":"https:\/\/api.w.org\/{rel}","templated":true}]}}