{"id":30168,"date":"2023-05-15T12:20:20","date_gmt":"2023-05-15T10:20:20","guid":{"rendered":"https:\/\/blogs.elcomercio.es\/reflexiones-de-belarmino\/?p=30168"},"modified":"2023-05-15T12:20:20","modified_gmt":"2023-05-15T10:20:20","slug":"el-plan-c-para-democratizar-el-poder-judicial-en-2024-empezo-ayer-en-coahuila","status":"publish","type":"post","link":"https:\/\/blogs.elcomercio.es\/reflexiones-de-belarmino\/2023\/05\/15\/el-plan-c-para-democratizar-el-poder-judicial-en-2024-empezo-ayer-en-coahuila\/","title":{"rendered":"\u00a1\u00a1\u00a1\u00a1EL PLAN &#8220;C&#8221; PARA DEMOCRATIZAR EL PODER JUDICIAL EN 2024, EMPEZ\u00d3 AYER EN COAHUILA !!!"},"content":{"rendered":"<p><strong>Tras 5 a\u00f1os de experiencia s\u00f3lo ha quedado un pendiente a la Cuarta Transformaci\u00f3n. Los 5 gobiernos neoliberales est\u00e1n enquistados en el Poder Judicial. De nada sirve detener a narcos, tomar decisiones contra trasnaciconales, o detener a criminales de cuello blanco. Siempre, pero siempre, terminan sobornando a un juez.<\/strong><\/p>\n<p><strong>El presidente llamo a todos los poderes y el \u00fanico que est\u00e1 frontalmente opuesto a los cambio es el Poder Judicial. Al fracasar puso en marcha el Plan B, que era que en el Congreso se dieron paso a una Reforma del Poder Judicial, pero al faltarle a Morena 10 senadores, no pudieron lograr el cambio constitucional.<\/strong><\/p>\n<p><b>Y entonces el presidente en La Ma\u00f1anera dispuso e inform\u00f3 del plan C. Ganar las elecciones del 2024\u00a0 con mayor\u00eda\u00a0absoluta, para presentar la Reforma al Poder Judicial, que significar\u00eda que todo el Poder Judicial fue electo desde abajo,como, con existo se hizo en el Instituto Nacional Electoral.De tal forma que su sucesor o sucesora pudiera hacer\u00a0este \u00faltimo cambio<\/b><\/p>\n<p><b>Para el 4 de junio quedan pendientes la elecci\u00f3n ene 3 estados, uno de ellos clave, por ser eel mas grandes\u00a0y por que ah\u00ed el PRI en 70 a\u00f1os nunca ha perdido. Coahuila en el norte y el Estado de M\u00e9xico, son la meta. Hasta ahora Morena tiene 22 de los 32 gobernadores.<\/b><\/p>\n<p><b>Ayer en Coahuila, Mario Delgado, el presidente nacional de Morena, dio\u00a0 el banderazo para el plan C.<\/b><\/p>\n<p><b>El 2024 empieza en 2023, y\u00a0 lo principal ahora son Coahuila y el Estado de M\u00e9xico, donde llam\u00f3 a una movilizaci\u00f3n general, pero con la vista en las elecciones\u00a0de julio del 2024.<\/b><\/p>\n<!-- AddThis Advanced Settings generic via filter on the_content --><!-- AddThis Share Buttons generic via filter on the_content -->","protected":false},"excerpt":{"rendered":"<p>Tras 5 a\u00f1os de experiencia s\u00f3lo ha quedado un pendiente a la Cuarta Transformaci\u00f3n. Los 5 gobiernos neoliberales est\u00e1n enquistados en el Poder Judicial. De nada sirve detener a narcos, tomar decisiones contra trasnaciconales, o detener a criminales de cuello blanco. Siempre, pero siempre, terminan sobornando a un juez. El presidente llamo a todos los [&hellip;]<!-- AddThis Advanced Settings generic via filter on get_the_excerpt --><!-- AddThis Share Buttons generic via filter on get_the_excerpt --><\/p>\n","protected":false},"author":16,"featured_media":0,"comment_status":"open","ping_status":"closed","sticky":false,"template":"","format":"standard","meta":[],"categories":[1],"tags":[],"_links":{"self":[{"href":"https:\/\/blogs.elcomercio.es\/reflexiones-de-belarmino\/wp-json\/wp\/v2\/posts\/30168"}],"collection":[{"href":"https:\/\/blogs.elcomercio.es\/reflexiones-de-belarmino\/wp-json\/wp\/v2\/posts"}],"about":[{"href":"https:\/\/blogs.elcomercio.es\/reflexiones-de-belarmino\/wp-json\/wp\/v2\/types\/post"}],"author":[{"embeddable":true,"href":"https:\/\/blogs.elcomercio.es\/reflexiones-de-belarmino\/wp-json\/wp\/v2\/users\/16"}],"replies":[{"embeddable":true,"href":"https:\/\/blogs.elcomercio.es\/reflexiones-de-belarmino\/wp-json\/wp\/v2\/comments?post=30168"}],"version-history":[{"count":2,"href":"https:\/\/blogs.elcomercio.es\/reflexiones-de-belarmino\/wp-json\/wp\/v2\/posts\/30168\/revisions"}],"predecessor-version":[{"id":30170,"href":"https:\/\/blogs.elcomercio.es\/reflexiones-de-belarmino\/wp-json\/wp\/v2\/posts\/30168\/revisions\/30170"}],"wp:attachment":[{"href":"https:\/\/blogs.elcomercio.es\/reflexiones-de-belarmino\/wp-json\/wp\/v2\/media?parent=30168"}],"wp:term":[{"taxonomy":"category","embeddable":true,"href":"https:\/\/blogs.elcomercio.es\/reflexiones-de-belarmino\/wp-json\/wp\/v2\/categories?post=30168"},{"taxonomy":"post_tag","embeddable":true,"href":"https:\/\/blogs.elcomercio.es\/reflexiones-de-belarmino\/wp-json\/wp\/v2\/tags?post=30168"}],"curies":[{"name":"wp","href":"https:\/\/api.w.org\/{rel}","templated":true}]}}