{"id":30171,"date":"2023-05-15T13:41:44","date_gmt":"2023-05-15T11:41:44","guid":{"rendered":"https:\/\/blogs.elcomercio.es\/reflexiones-de-belarmino\/?p=30171"},"modified":"2023-05-15T13:41:44","modified_gmt":"2023-05-15T11:41:44","slug":"el-sanchismo-que-toda-a-la-derecha-odia","status":"publish","type":"post","link":"https:\/\/blogs.elcomercio.es\/reflexiones-de-belarmino\/2023\/05\/15\/el-sanchismo-que-toda-a-la-derecha-odia\/","title":{"rendered":"\u00a1\u00a1\u00a1\u00a1EL &#8220;SANCHISMO&#8221; QUE TODA A LA DERECHA ODIA !!!"},"content":{"rendered":"<p><b>\u00bf Ser\u00e1 una nueva ideolog\u00eda?, \u00bf de\u00a0que siglo?: \u00bf por que lo odia la derecha?.\u00bfPor que Diego Canga dice que &#8220;todo voto que no vaya al PP, sera un voto para el &#8220;Sanchismo&#8221;?. .<\/b><\/p>\n<p><b>Los que representan el pasado en Espa\u00f1a, los que defienden los intereses de la oligarqu\u00eda, los que les da pavor perder\u00a0lo que tienen\u00a0 en exceso: los que defienden al franquismo y no comprenden la necesidad\u00a0de un cambio, ha llamado a la mayor\u00eda social de Espa\u00f1a, a la m\u00e1s debil y a los beneficiarios del Estado del Bienestar.<\/b><\/p>\n<p><b>Aquellos\u00a0que temen que ahora la Transici\u00f3n no sea gatopardista, encontraron un nombre, causa de todas las desgracias: EL SANCHISMO.<\/b><\/p>\n<p><b>El Sanchismo es la continuidad de las Cortes de Cadiz, del Trienio\u00a0Liberal, de la Revoluci\u00f3n Gloriosa, de la II Rep\u00fablica, y de esa Espa\u00f1a, que Morelos, Bolivar y Sucre, al ver la acci\u00f3n del asturiano Rafael del Riego de negarse a ir al frente del ejercito para aplastar las independencias iberoamericanas\u00a0\u00a0y que dijeron que encontraban\u00a0en \u00e9l &#8220;OTRA ESPA\u00d1A QUE NO CONOC\u00cdAN&#8221;.<\/b><\/p>\n<p>&nbsp;<\/p>\n<!-- AddThis Advanced Settings generic via filter on the_content --><!-- AddThis Share Buttons generic via filter on the_content -->","protected":false},"excerpt":{"rendered":"<p>\u00bf Ser\u00e1 una nueva ideolog\u00eda?, \u00bf de\u00a0que siglo?: \u00bf por que lo odia la derecha?.\u00bfPor que Diego Canga dice que &#8220;todo voto que no vaya al PP, sera un voto para el &#8220;Sanchismo&#8221;?. . Los que representan el pasado en Espa\u00f1a, los que defienden los intereses de la oligarqu\u00eda, los que les da pavor perder\u00a0lo [&hellip;]<!-- AddThis Advanced Settings generic via filter on get_the_excerpt --><!-- AddThis Share Buttons generic via filter on get_the_excerpt --><\/p>\n","protected":false},"author":16,"featured_media":0,"comment_status":"open","ping_status":"closed","sticky":false,"template":"","format":"standard","meta":[],"categories":[1],"tags":[],"_links":{"self":[{"href":"https:\/\/blogs.elcomercio.es\/reflexiones-de-belarmino\/wp-json\/wp\/v2\/posts\/30171"}],"collection":[{"href":"https:\/\/blogs.elcomercio.es\/reflexiones-de-belarmino\/wp-json\/wp\/v2\/posts"}],"about":[{"href":"https:\/\/blogs.elcomercio.es\/reflexiones-de-belarmino\/wp-json\/wp\/v2\/types\/post"}],"author":[{"embeddable":true,"href":"https:\/\/blogs.elcomercio.es\/reflexiones-de-belarmino\/wp-json\/wp\/v2\/users\/16"}],"replies":[{"embeddable":true,"href":"https:\/\/blogs.elcomercio.es\/reflexiones-de-belarmino\/wp-json\/wp\/v2\/comments?post=30171"}],"version-history":[{"count":1,"href":"https:\/\/blogs.elcomercio.es\/reflexiones-de-belarmino\/wp-json\/wp\/v2\/posts\/30171\/revisions"}],"predecessor-version":[{"id":30172,"href":"https:\/\/blogs.elcomercio.es\/reflexiones-de-belarmino\/wp-json\/wp\/v2\/posts\/30171\/revisions\/30172"}],"wp:attachment":[{"href":"https:\/\/blogs.elcomercio.es\/reflexiones-de-belarmino\/wp-json\/wp\/v2\/media?parent=30171"}],"wp:term":[{"taxonomy":"category","embeddable":true,"href":"https:\/\/blogs.elcomercio.es\/reflexiones-de-belarmino\/wp-json\/wp\/v2\/categories?post=30171"},{"taxonomy":"post_tag","embeddable":true,"href":"https:\/\/blogs.elcomercio.es\/reflexiones-de-belarmino\/wp-json\/wp\/v2\/tags?post=30171"}],"curies":[{"name":"wp","href":"https:\/\/api.w.org\/{rel}","templated":true}]}}