{"id":30307,"date":"2023-05-22T10:11:45","date_gmt":"2023-05-22T08:11:45","guid":{"rendered":"https:\/\/blogs.elcomercio.es\/reflexiones-de-belarmino\/?p=30307"},"modified":"2023-05-22T10:11:45","modified_gmt":"2023-05-22T08:11:45","slug":"el-nivel-del-popocatepetl-pasa-de-nivel-2-a-nivel-3-no-hay-desalojos-en-los-12-kms-a-su-alrededor-preocupacion","status":"publish","type":"post","link":"https:\/\/blogs.elcomercio.es\/reflexiones-de-belarmino\/2023\/05\/22\/el-nivel-del-popocatepetl-pasa-de-nivel-2-a-nivel-3-no-hay-desalojos-en-los-12-kms-a-su-alrededor-preocupacion\/","title":{"rendered":"\u00a1\u00a1\u00a1\u00a1EL NIVEL DEL POPOCATEPETL, PASA DE NIVEL 2 A NIVEL 3.- NO HAY DESALOJOS EN LOS 12 KMS. A SU ALREDEDOR.PREOCUPACI\u00d3N !!!"},"content":{"rendered":"<p><b>Ayer el estado de Puebla, el m\u00e1s cercano y donde estan ubicados el Popo y el Izta, Don Goyo y la Mujer Dormida, se elev\u00f3 el nivel 2 a 3 el riesgo de uno de los miles de temblores diarios que se dan desde hace decenas de a\u00f1os.No hay siquiera desalojados los 12 kms de protecci\u00f3n, pero&#8230;.<\/b><\/p>\n<p>&nbsp;<\/p>\n<!-- AddThis Advanced Settings generic via filter on the_content --><!-- AddThis Share Buttons generic via filter on the_content -->","protected":false},"excerpt":{"rendered":"<p>Ayer el estado de Puebla, el m\u00e1s cercano y donde estan ubicados el Popo y el Izta, Don Goyo y la Mujer Dormida, se elev\u00f3 el nivel 2 a 3 el riesgo de uno de los miles de temblores diarios que se dan desde hace decenas de a\u00f1os.No hay siquiera desalojados los 12 kms de [&hellip;]<!-- AddThis Advanced Settings generic via filter on get_the_excerpt --><!-- AddThis Share Buttons generic via filter on get_the_excerpt --><\/p>\n","protected":false},"author":16,"featured_media":0,"comment_status":"open","ping_status":"closed","sticky":false,"template":"","format":"standard","meta":[],"categories":[1],"tags":[],"_links":{"self":[{"href":"https:\/\/blogs.elcomercio.es\/reflexiones-de-belarmino\/wp-json\/wp\/v2\/posts\/30307"}],"collection":[{"href":"https:\/\/blogs.elcomercio.es\/reflexiones-de-belarmino\/wp-json\/wp\/v2\/posts"}],"about":[{"href":"https:\/\/blogs.elcomercio.es\/reflexiones-de-belarmino\/wp-json\/wp\/v2\/types\/post"}],"author":[{"embeddable":true,"href":"https:\/\/blogs.elcomercio.es\/reflexiones-de-belarmino\/wp-json\/wp\/v2\/users\/16"}],"replies":[{"embeddable":true,"href":"https:\/\/blogs.elcomercio.es\/reflexiones-de-belarmino\/wp-json\/wp\/v2\/comments?post=30307"}],"version-history":[{"count":1,"href":"https:\/\/blogs.elcomercio.es\/reflexiones-de-belarmino\/wp-json\/wp\/v2\/posts\/30307\/revisions"}],"predecessor-version":[{"id":30308,"href":"https:\/\/blogs.elcomercio.es\/reflexiones-de-belarmino\/wp-json\/wp\/v2\/posts\/30307\/revisions\/30308"}],"wp:attachment":[{"href":"https:\/\/blogs.elcomercio.es\/reflexiones-de-belarmino\/wp-json\/wp\/v2\/media?parent=30307"}],"wp:term":[{"taxonomy":"category","embeddable":true,"href":"https:\/\/blogs.elcomercio.es\/reflexiones-de-belarmino\/wp-json\/wp\/v2\/categories?post=30307"},{"taxonomy":"post_tag","embeddable":true,"href":"https:\/\/blogs.elcomercio.es\/reflexiones-de-belarmino\/wp-json\/wp\/v2\/tags?post=30307"}],"curies":[{"name":"wp","href":"https:\/\/api.w.org\/{rel}","templated":true}]}}