{"id":30335,"date":"2023-05-23T16:33:34","date_gmt":"2023-05-23T14:33:34","guid":{"rendered":"https:\/\/blogs.elcomercio.es\/reflexiones-de-belarmino\/?p=30335"},"modified":"2023-05-23T16:33:34","modified_gmt":"2023-05-23T14:33:34","slug":"7275-militares-en-zonas-cercanas-a-don-goyo-sin-evacuaciones-pero-expidiendo-lava","status":"publish","type":"post","link":"https:\/\/blogs.elcomercio.es\/reflexiones-de-belarmino\/2023\/05\/23\/7275-militares-en-zonas-cercanas-a-don-goyo-sin-evacuaciones-pero-expidiendo-lava\/","title":{"rendered":"\u00a1\u00a1\u00a1\u00a17,275 MILITARES EN ZONAS CERCANAS A &#8220;DON GOYO&#8221;, SIN EVACUACIONES, PERO EXPIDIENDO LAVA !!!"},"content":{"rendered":"<p><b>La erupci\u00f3n del volc\u00e1n Popocat\u00e9petl, (Don Goyo, como lo llamaban\u00a0ancestralmente\u00a0los vecinos de los estados de Morelos, Puebla y M\u00e9xico), se encuentra en nivel 3 amarillo, lo que no significa desalojos. El gobierno ha desplegado 7,275 militares a sus alrededores.Listas las v\u00edas de evacuaci\u00f3n\u00a0si fuera necesario. &#8220;Es menos peligroso\u00a0sacando la lava que si estuviera en silencio&#8221; comentan los expertos.El Secretario de la Defensa visit\u00f3 ayer la zona.<\/b><\/p>\n<!-- AddThis Advanced Settings generic via filter on the_content --><!-- AddThis Share Buttons generic via filter on the_content -->","protected":false},"excerpt":{"rendered":"<p>La erupci\u00f3n del volc\u00e1n Popocat\u00e9petl, (Don Goyo, como lo llamaban\u00a0ancestralmente\u00a0los vecinos de los estados de Morelos, Puebla y M\u00e9xico), se encuentra en nivel 3 amarillo, lo que no significa desalojos. El gobierno ha desplegado 7,275 militares a sus alrededores.Listas las v\u00edas de evacuaci\u00f3n\u00a0si fuera necesario. &#8220;Es menos peligroso\u00a0sacando la lava que si estuviera en silencio&#8221; [&hellip;]<!-- AddThis Advanced Settings generic via filter on get_the_excerpt --><!-- AddThis Share Buttons generic via filter on get_the_excerpt --><\/p>\n","protected":false},"author":16,"featured_media":0,"comment_status":"open","ping_status":"closed","sticky":false,"template":"","format":"standard","meta":[],"categories":[1],"tags":[],"_links":{"self":[{"href":"https:\/\/blogs.elcomercio.es\/reflexiones-de-belarmino\/wp-json\/wp\/v2\/posts\/30335"}],"collection":[{"href":"https:\/\/blogs.elcomercio.es\/reflexiones-de-belarmino\/wp-json\/wp\/v2\/posts"}],"about":[{"href":"https:\/\/blogs.elcomercio.es\/reflexiones-de-belarmino\/wp-json\/wp\/v2\/types\/post"}],"author":[{"embeddable":true,"href":"https:\/\/blogs.elcomercio.es\/reflexiones-de-belarmino\/wp-json\/wp\/v2\/users\/16"}],"replies":[{"embeddable":true,"href":"https:\/\/blogs.elcomercio.es\/reflexiones-de-belarmino\/wp-json\/wp\/v2\/comments?post=30335"}],"version-history":[{"count":2,"href":"https:\/\/blogs.elcomercio.es\/reflexiones-de-belarmino\/wp-json\/wp\/v2\/posts\/30335\/revisions"}],"predecessor-version":[{"id":30337,"href":"https:\/\/blogs.elcomercio.es\/reflexiones-de-belarmino\/wp-json\/wp\/v2\/posts\/30335\/revisions\/30337"}],"wp:attachment":[{"href":"https:\/\/blogs.elcomercio.es\/reflexiones-de-belarmino\/wp-json\/wp\/v2\/media?parent=30335"}],"wp:term":[{"taxonomy":"category","embeddable":true,"href":"https:\/\/blogs.elcomercio.es\/reflexiones-de-belarmino\/wp-json\/wp\/v2\/categories?post=30335"},{"taxonomy":"post_tag","embeddable":true,"href":"https:\/\/blogs.elcomercio.es\/reflexiones-de-belarmino\/wp-json\/wp\/v2\/tags?post=30335"}],"curies":[{"name":"wp","href":"https:\/\/api.w.org\/{rel}","templated":true}]}}