{"id":30371,"date":"2023-05-25T12:06:42","date_gmt":"2023-05-25T10:06:42","guid":{"rendered":"https:\/\/blogs.elcomercio.es\/reflexiones-de-belarmino\/?p=30371"},"modified":"2023-05-25T12:06:42","modified_gmt":"2023-05-25T10:06:42","slug":"con-conocimiento-de-causa-zapatero-llama-a-la-movilizacion-y-compara-la-actitud-de-aznar-con-la-de-ayuso","status":"publish","type":"post","link":"https:\/\/blogs.elcomercio.es\/reflexiones-de-belarmino\/2023\/05\/25\/con-conocimiento-de-causa-zapatero-llama-a-la-movilizacion-y-compara-la-actitud-de-aznar-con-la-de-ayuso\/","title":{"rendered":"\u00a1\u00a1CON CONOCIMIENTO DE CAUSA, ZAPATERO LLAMA A LA MOVILIZACI\u00d3N Y COMPARA LA ACTITUD DE AZNAR CON LA DE AYUSO !!!"},"content":{"rendered":"<p><b>Aquel s\u00e1bado que, tras los atentados yihadistas a los trenes, en M\u00e9xico el secretario de Relaciones Exteriores y la prensa recibiamos la informaci\u00f3n de la Autor\u00eda de ETA. Sin embargo, ante la actitud\u00a0de Aznar con Bush y Blair, entraban \u00a0las dudas a muchos.<\/b><\/p>\n<p><strong>Aquel s\u00e1bado el pueblo espa\u00f1ol nos di\u00f3 una lecci\u00f3n al mundo. En 48 horas, no cayeron en la trampa del Gobierno de Aznar. Nunca lo olvidamos. Y entr\u00f3 Zapatero.<\/strong><\/p>\n<p><strong>Cuando Zapatero llama a la movilizaci\u00f3n para parar la desfachatez de Aznar y su pupila Ayuso, sabe de que habla.<\/strong><\/p>\n<p><strong>El domingo es\u00a0 la hora de nosotros los ciudadanos. El Aznar de hoy, es la se\u00f1ora Ayuso, que muchos subestiman.<\/strong><\/p>\n<!-- AddThis Advanced Settings generic via filter on the_content --><!-- AddThis Share Buttons generic via filter on the_content -->","protected":false},"excerpt":{"rendered":"<p>Aquel s\u00e1bado que, tras los atentados yihadistas a los trenes, en M\u00e9xico el secretario de Relaciones Exteriores y la prensa recibiamos la informaci\u00f3n de la Autor\u00eda de ETA. Sin embargo, ante la actitud\u00a0de Aznar con Bush y Blair, entraban \u00a0las dudas a muchos. Aquel s\u00e1bado el pueblo espa\u00f1ol nos di\u00f3 una lecci\u00f3n al mundo. En [&hellip;]<!-- AddThis Advanced Settings generic via filter on get_the_excerpt --><!-- AddThis Share Buttons generic via filter on get_the_excerpt --><\/p>\n","protected":false},"author":16,"featured_media":0,"comment_status":"open","ping_status":"closed","sticky":false,"template":"","format":"standard","meta":[],"categories":[1],"tags":[],"_links":{"self":[{"href":"https:\/\/blogs.elcomercio.es\/reflexiones-de-belarmino\/wp-json\/wp\/v2\/posts\/30371"}],"collection":[{"href":"https:\/\/blogs.elcomercio.es\/reflexiones-de-belarmino\/wp-json\/wp\/v2\/posts"}],"about":[{"href":"https:\/\/blogs.elcomercio.es\/reflexiones-de-belarmino\/wp-json\/wp\/v2\/types\/post"}],"author":[{"embeddable":true,"href":"https:\/\/blogs.elcomercio.es\/reflexiones-de-belarmino\/wp-json\/wp\/v2\/users\/16"}],"replies":[{"embeddable":true,"href":"https:\/\/blogs.elcomercio.es\/reflexiones-de-belarmino\/wp-json\/wp\/v2\/comments?post=30371"}],"version-history":[{"count":1,"href":"https:\/\/blogs.elcomercio.es\/reflexiones-de-belarmino\/wp-json\/wp\/v2\/posts\/30371\/revisions"}],"predecessor-version":[{"id":30372,"href":"https:\/\/blogs.elcomercio.es\/reflexiones-de-belarmino\/wp-json\/wp\/v2\/posts\/30371\/revisions\/30372"}],"wp:attachment":[{"href":"https:\/\/blogs.elcomercio.es\/reflexiones-de-belarmino\/wp-json\/wp\/v2\/media?parent=30371"}],"wp:term":[{"taxonomy":"category","embeddable":true,"href":"https:\/\/blogs.elcomercio.es\/reflexiones-de-belarmino\/wp-json\/wp\/v2\/categories?post=30371"},{"taxonomy":"post_tag","embeddable":true,"href":"https:\/\/blogs.elcomercio.es\/reflexiones-de-belarmino\/wp-json\/wp\/v2\/tags?post=30371"}],"curies":[{"name":"wp","href":"https:\/\/api.w.org\/{rel}","templated":true}]}}