{"id":30373,"date":"2023-05-25T12:12:18","date_gmt":"2023-05-25T10:12:18","guid":{"rendered":"https:\/\/blogs.elcomercio.es\/reflexiones-de-belarmino\/?p=30373"},"modified":"2023-05-25T12:12:18","modified_gmt":"2023-05-25T10:12:18","slug":"borrel-viaja-hoy-a-la-habana","status":"publish","type":"post","link":"https:\/\/blogs.elcomercio.es\/reflexiones-de-belarmino\/2023\/05\/25\/borrel-viaja-hoy-a-la-habana\/","title":{"rendered":"\u00a1\u00a1\u00a1\u00a1BORREL VIAJA HOY A LA HABANA !!!."},"content":{"rendered":"<p><strong>Por lo que sea, por la pr\u00f3xima presidencia de Pedro\u00a0<\/strong><b>S\u00e1nchez o lo que sea, pero que el Representantes de Exteriores de la Uni\u00f3n Europea Joseph Borrel. pise la Habana, a muchos les van a echar perder la comida, y aunque los cubanos vivan tan dif\u00edcilmente\u00a0como\u00a0ahora, la v\u00eda\u00a0a una negociaci\u00f3n siempre es buena\u00a0noticia.<\/b><\/p>\n<!-- AddThis Advanced Settings generic via filter on the_content --><!-- AddThis Share Buttons generic via filter on the_content -->","protected":false},"excerpt":{"rendered":"<p>Por lo que sea, por la pr\u00f3xima presidencia de Pedro\u00a0S\u00e1nchez o lo que sea, pero que el Representantes de Exteriores de la Uni\u00f3n Europea Joseph Borrel. pise la Habana, a muchos les van a echar perder la comida, y aunque los cubanos vivan tan dif\u00edcilmente\u00a0como\u00a0ahora, la v\u00eda\u00a0a una negociaci\u00f3n siempre es buena\u00a0noticia.<!-- AddThis Advanced Settings generic via filter on get_the_excerpt --><!-- AddThis Share Buttons generic via filter on get_the_excerpt --><\/p>\n","protected":false},"author":16,"featured_media":0,"comment_status":"open","ping_status":"closed","sticky":false,"template":"","format":"standard","meta":[],"categories":[1],"tags":[],"_links":{"self":[{"href":"https:\/\/blogs.elcomercio.es\/reflexiones-de-belarmino\/wp-json\/wp\/v2\/posts\/30373"}],"collection":[{"href":"https:\/\/blogs.elcomercio.es\/reflexiones-de-belarmino\/wp-json\/wp\/v2\/posts"}],"about":[{"href":"https:\/\/blogs.elcomercio.es\/reflexiones-de-belarmino\/wp-json\/wp\/v2\/types\/post"}],"author":[{"embeddable":true,"href":"https:\/\/blogs.elcomercio.es\/reflexiones-de-belarmino\/wp-json\/wp\/v2\/users\/16"}],"replies":[{"embeddable":true,"href":"https:\/\/blogs.elcomercio.es\/reflexiones-de-belarmino\/wp-json\/wp\/v2\/comments?post=30373"}],"version-history":[{"count":1,"href":"https:\/\/blogs.elcomercio.es\/reflexiones-de-belarmino\/wp-json\/wp\/v2\/posts\/30373\/revisions"}],"predecessor-version":[{"id":30374,"href":"https:\/\/blogs.elcomercio.es\/reflexiones-de-belarmino\/wp-json\/wp\/v2\/posts\/30373\/revisions\/30374"}],"wp:attachment":[{"href":"https:\/\/blogs.elcomercio.es\/reflexiones-de-belarmino\/wp-json\/wp\/v2\/media?parent=30373"}],"wp:term":[{"taxonomy":"category","embeddable":true,"href":"https:\/\/blogs.elcomercio.es\/reflexiones-de-belarmino\/wp-json\/wp\/v2\/categories?post=30373"},{"taxonomy":"post_tag","embeddable":true,"href":"https:\/\/blogs.elcomercio.es\/reflexiones-de-belarmino\/wp-json\/wp\/v2\/tags?post=30373"}],"curies":[{"name":"wp","href":"https:\/\/api.w.org\/{rel}","templated":true}]}}