{"id":30395,"date":"2023-05-27T10:01:48","date_gmt":"2023-05-27T08:01:48","guid":{"rendered":"https:\/\/blogs.elcomercio.es\/reflexiones-de-belarmino\/?p=30395"},"modified":"2023-05-27T10:01:48","modified_gmt":"2023-05-27T08:01:48","slug":"final-apretado-pero-la-izquierda-ganara-las-elecciones-municipales-en-espana","status":"publish","type":"post","link":"https:\/\/blogs.elcomercio.es\/reflexiones-de-belarmino\/2023\/05\/27\/final-apretado-pero-la-izquierda-ganara-las-elecciones-municipales-en-espana\/","title":{"rendered":"\u00a1\u00a1\u00a1\u00a1FINAL APRETADO, PERO LA IZQUIERDA GANARA LAS ELECCIONES MUNICIPALES EN ESPA\u00d1A !!"},"content":{"rendered":"<p><b>Ma\u00f1ana,todos coincidimos en que es un d\u00eda importante, no s\u00f3lo por que hay eleccion Municipales; no s\u00f3lo por que esta a\u00f1o son estrat\u00e9gicas para culminar un esfuerzo , sino porque\u00a0abre el camino para las generales del 2023 una de las m\u00e1s importantes de los \u00faltimos a\u00f1os\u00a0 por que permitir\u00eda consolidar la lucha de siglos\u00a0de esa mayor\u00eda social que ha vivido marginada de los grandes beneficios.<\/b><\/p>\n<p><b>Doce de las diecisiete\u00a0autonom\u00edas que hay en Espa\u00f1a est\u00e1n en juego ma\u00f1ana.Pensamos que de la mismo forma que Madrid tendr\u00e1 la mayor\u00eda el Partido Popular, en la Comunidad Valenciana se repetir\u00e1 el triunfo del &#8220;Bot\u00e1nico&#8221;.<\/b><\/p>\n<p><b>Asturias no caer\u00e1\u00a0en manos del PP y de Vox, pero, como en todas las comunidades, los resultados\u00a0pueden ser ajustados que las abstenciones, por lo que significan, deben ser lo menor posibles.<\/b><\/p>\n<p><b>Pero finalmente\u00a0seremos nosotros los ciudadanos los que definiremos que Espa\u00f1a deseamos. Nadie puede llamarnos\u00a0a enga\u00f1o. El sistema electoral es s\u00f3lido, decenas y decenas de paises de los 199 que existen\u00a0en la ONU, lo desear\u00eda..<\/b><\/p>\n<p><b>Nosotros tendremos que optar por dos modelos. El del Estado de Bienestar y la justicia social, o los que buscan\u00a0derribar al sistema publico de salud, en beneficio de los privado\u00a0y las grandes trasnacionales.<\/b><\/p>\n<p><strong>Hoy toca, meditar&#8230;.<\/strong><\/p>\n<p>&nbsp;<\/p>\n<p>&nbsp;<\/p>\n<p>&nbsp;<\/p>\n<!-- AddThis Advanced Settings generic via filter on the_content --><!-- AddThis Share Buttons generic via filter on the_content -->","protected":false},"excerpt":{"rendered":"<p>Ma\u00f1ana,todos coincidimos en que es un d\u00eda importante, no s\u00f3lo por que hay eleccion Municipales; no s\u00f3lo por que esta a\u00f1o son estrat\u00e9gicas para culminar un esfuerzo , sino porque\u00a0abre el camino para las generales del 2023 una de las m\u00e1s importantes de los \u00faltimos a\u00f1os\u00a0 por que permitir\u00eda consolidar la lucha de siglos\u00a0de esa [&hellip;]<!-- AddThis Advanced Settings generic via filter on get_the_excerpt --><!-- AddThis Share Buttons generic via filter on get_the_excerpt --><\/p>\n","protected":false},"author":16,"featured_media":0,"comment_status":"open","ping_status":"closed","sticky":false,"template":"","format":"standard","meta":[],"categories":[1],"tags":[],"_links":{"self":[{"href":"https:\/\/blogs.elcomercio.es\/reflexiones-de-belarmino\/wp-json\/wp\/v2\/posts\/30395"}],"collection":[{"href":"https:\/\/blogs.elcomercio.es\/reflexiones-de-belarmino\/wp-json\/wp\/v2\/posts"}],"about":[{"href":"https:\/\/blogs.elcomercio.es\/reflexiones-de-belarmino\/wp-json\/wp\/v2\/types\/post"}],"author":[{"embeddable":true,"href":"https:\/\/blogs.elcomercio.es\/reflexiones-de-belarmino\/wp-json\/wp\/v2\/users\/16"}],"replies":[{"embeddable":true,"href":"https:\/\/blogs.elcomercio.es\/reflexiones-de-belarmino\/wp-json\/wp\/v2\/comments?post=30395"}],"version-history":[{"count":2,"href":"https:\/\/blogs.elcomercio.es\/reflexiones-de-belarmino\/wp-json\/wp\/v2\/posts\/30395\/revisions"}],"predecessor-version":[{"id":30397,"href":"https:\/\/blogs.elcomercio.es\/reflexiones-de-belarmino\/wp-json\/wp\/v2\/posts\/30395\/revisions\/30397"}],"wp:attachment":[{"href":"https:\/\/blogs.elcomercio.es\/reflexiones-de-belarmino\/wp-json\/wp\/v2\/media?parent=30395"}],"wp:term":[{"taxonomy":"category","embeddable":true,"href":"https:\/\/blogs.elcomercio.es\/reflexiones-de-belarmino\/wp-json\/wp\/v2\/categories?post=30395"},{"taxonomy":"post_tag","embeddable":true,"href":"https:\/\/blogs.elcomercio.es\/reflexiones-de-belarmino\/wp-json\/wp\/v2\/tags?post=30395"}],"curies":[{"name":"wp","href":"https:\/\/api.w.org\/{rel}","templated":true}]}}