{"id":30418,"date":"2023-05-28T10:46:26","date_gmt":"2023-05-28T08:46:26","guid":{"rendered":"https:\/\/blogs.elcomercio.es\/reflexiones-de-belarmino\/?p=30418"},"modified":"2023-05-28T10:46:26","modified_gmt":"2023-05-28T08:46:26","slug":"un-punado-de-votos-en-lugares-clave-definiran-el-mapa-politico","status":"publish","type":"post","link":"https:\/\/blogs.elcomercio.es\/reflexiones-de-belarmino\/2023\/05\/28\/un-punado-de-votos-en-lugares-clave-definiran-el-mapa-politico\/","title":{"rendered":"\u00a1\u00a1\u00a1\u00a1UN PU\u00d1ADO DE VOTOS EN LUGARES CLAVE DEFINIR\u00c1N EL MAPA POL\u00cdTICO !!!"},"content":{"rendered":"<p><b>El presidente, quiz\u00e1s mejor que nadie, sabe que hoy un pu\u00f1ado de votos en lugares clave definir\u00e1n el mapa pol\u00edtico.\u00c9l\u00a0seguir\u00e1\u00a0presidiendo el gobierno hasta diciembre, pero sabe la importancia de estas municipales\u00a0y sabe\u00a0mejor que nosotros que un\u00a0pu\u00f1ado de voto\u00a0en\u00a0lugares clave definir\u00e1n el mapa pol\u00edtico.<\/b><\/p>\n<!-- AddThis Advanced Settings generic via filter on the_content --><!-- AddThis Share Buttons generic via filter on the_content -->","protected":false},"excerpt":{"rendered":"<p>El presidente, quiz\u00e1s mejor que nadie, sabe que hoy un pu\u00f1ado de votos en lugares clave definir\u00e1n el mapa pol\u00edtico.\u00c9l\u00a0seguir\u00e1\u00a0presidiendo el gobierno hasta diciembre, pero sabe la importancia de estas municipales\u00a0y sabe\u00a0mejor que nosotros que un\u00a0pu\u00f1ado de voto\u00a0en\u00a0lugares clave definir\u00e1n el mapa pol\u00edtico.<!-- AddThis Advanced Settings generic via filter on get_the_excerpt --><!-- AddThis Share Buttons generic via filter on get_the_excerpt --><\/p>\n","protected":false},"author":16,"featured_media":0,"comment_status":"open","ping_status":"closed","sticky":false,"template":"","format":"standard","meta":[],"categories":[1],"tags":[],"_links":{"self":[{"href":"https:\/\/blogs.elcomercio.es\/reflexiones-de-belarmino\/wp-json\/wp\/v2\/posts\/30418"}],"collection":[{"href":"https:\/\/blogs.elcomercio.es\/reflexiones-de-belarmino\/wp-json\/wp\/v2\/posts"}],"about":[{"href":"https:\/\/blogs.elcomercio.es\/reflexiones-de-belarmino\/wp-json\/wp\/v2\/types\/post"}],"author":[{"embeddable":true,"href":"https:\/\/blogs.elcomercio.es\/reflexiones-de-belarmino\/wp-json\/wp\/v2\/users\/16"}],"replies":[{"embeddable":true,"href":"https:\/\/blogs.elcomercio.es\/reflexiones-de-belarmino\/wp-json\/wp\/v2\/comments?post=30418"}],"version-history":[{"count":1,"href":"https:\/\/blogs.elcomercio.es\/reflexiones-de-belarmino\/wp-json\/wp\/v2\/posts\/30418\/revisions"}],"predecessor-version":[{"id":30419,"href":"https:\/\/blogs.elcomercio.es\/reflexiones-de-belarmino\/wp-json\/wp\/v2\/posts\/30418\/revisions\/30419"}],"wp:attachment":[{"href":"https:\/\/blogs.elcomercio.es\/reflexiones-de-belarmino\/wp-json\/wp\/v2\/media?parent=30418"}],"wp:term":[{"taxonomy":"category","embeddable":true,"href":"https:\/\/blogs.elcomercio.es\/reflexiones-de-belarmino\/wp-json\/wp\/v2\/categories?post=30418"},{"taxonomy":"post_tag","embeddable":true,"href":"https:\/\/blogs.elcomercio.es\/reflexiones-de-belarmino\/wp-json\/wp\/v2\/tags?post=30418"}],"curies":[{"name":"wp","href":"https:\/\/api.w.org\/{rel}","templated":true}]}}