{"id":30420,"date":"2023-05-28T14:38:00","date_gmt":"2023-05-28T12:38:00","guid":{"rendered":"https:\/\/blogs.elcomercio.es\/reflexiones-de-belarmino\/?p=30420"},"modified":"2023-05-28T14:38:00","modified_gmt":"2023-05-28T12:38:00","slug":"a-las-14hs-con-un-36-6-de-participacion-sube-un-1-66-en-relacion-con-las-anteriores","status":"publish","type":"post","link":"https:\/\/blogs.elcomercio.es\/reflexiones-de-belarmino\/2023\/05\/28\/a-las-14hs-con-un-36-6-de-participacion-sube-un-1-66-en-relacion-con-las-anteriores\/","title":{"rendered":"\u00a1\u00a1\u00a1\u00a1\u00a1\u00a1A LAS 14HS, CON UN 36.6% DE PARTICIPACI\u00d3N SUBE UN 1.66% EN RELACI\u00d3N CON LAS ANTERIORES !!!"},"content":{"rendered":"<p><b>En el corte a las 14 horas, dado por la Comisi\u00f3n\u00a0Electoral Central, se informa de un 36.6 de participaci\u00f3n\u00a0 a esa hora, lo que\u00a0significa un 1.66 % m\u00e1s que a la misma hora en las anteriores Municipales.Se nota en la calle una cara de satisfacci\u00f3n\u00a0mayor que en un\u00a0buen domingo. Los ciudadanos saben que hoy es un d\u00eda especial:Hoy deciden ellos..<\/b><\/p>\n<p><b>A las 7 se dar\u00e1 el siguiente corte , a las 8 se presentar\u00e1n los resultados\u00a0a pie de urna, no oficiales pero s\u00ed\u00a0indicativos, y como los colegios cierran a las 8 de la noche, ah\u00ed empieza a darse los resultados oficiales, lo que significa que a las 10 de la noche tendremos resultados ya muy significativos.<\/b><\/p>\n<p><b>Ma\u00f1ana empieza a\u00a0las negociaciones que se llevar\u00e1n\u00a0quiz\u00e1s una semana, pero para el verano ya sabemos quien gobierno en las 12 autonom\u00edas que se eligen y los 70,000 concejales a quienes acudiremos a buscar resolver nuestros problemas diarios.<\/b><\/p>\n<p><strong>Lo de Melilla y un par m\u00e1s de problemas m\u00e1s, son un olvido y una advertencia.Se abrieron el 100 % de los colegios.<\/strong><\/p>\n<p><b>Buen d\u00eda para el pueblo espa\u00f1ol. Decenas de paises a\u00f1orar\u00edan tener nuestro sistema\u00a0electoral<\/b><\/p>\n<p>&nbsp;<\/p>\n<!-- AddThis Advanced Settings generic via filter on the_content --><!-- AddThis Share Buttons generic via filter on the_content -->","protected":false},"excerpt":{"rendered":"<p>En el corte a las 14 horas, dado por la Comisi\u00f3n\u00a0Electoral Central, se informa de un 36.6 de participaci\u00f3n\u00a0 a esa hora, lo que\u00a0significa un 1.66 % m\u00e1s que a la misma hora en las anteriores Municipales.Se nota en la calle una cara de satisfacci\u00f3n\u00a0mayor que en un\u00a0buen domingo. Los ciudadanos saben que hoy es [&hellip;]<!-- AddThis Advanced Settings generic via filter on get_the_excerpt --><!-- AddThis Share Buttons generic via filter on get_the_excerpt --><\/p>\n","protected":false},"author":16,"featured_media":0,"comment_status":"open","ping_status":"closed","sticky":false,"template":"","format":"standard","meta":[],"categories":[1],"tags":[],"_links":{"self":[{"href":"https:\/\/blogs.elcomercio.es\/reflexiones-de-belarmino\/wp-json\/wp\/v2\/posts\/30420"}],"collection":[{"href":"https:\/\/blogs.elcomercio.es\/reflexiones-de-belarmino\/wp-json\/wp\/v2\/posts"}],"about":[{"href":"https:\/\/blogs.elcomercio.es\/reflexiones-de-belarmino\/wp-json\/wp\/v2\/types\/post"}],"author":[{"embeddable":true,"href":"https:\/\/blogs.elcomercio.es\/reflexiones-de-belarmino\/wp-json\/wp\/v2\/users\/16"}],"replies":[{"embeddable":true,"href":"https:\/\/blogs.elcomercio.es\/reflexiones-de-belarmino\/wp-json\/wp\/v2\/comments?post=30420"}],"version-history":[{"count":1,"href":"https:\/\/blogs.elcomercio.es\/reflexiones-de-belarmino\/wp-json\/wp\/v2\/posts\/30420\/revisions"}],"predecessor-version":[{"id":30421,"href":"https:\/\/blogs.elcomercio.es\/reflexiones-de-belarmino\/wp-json\/wp\/v2\/posts\/30420\/revisions\/30421"}],"wp:attachment":[{"href":"https:\/\/blogs.elcomercio.es\/reflexiones-de-belarmino\/wp-json\/wp\/v2\/media?parent=30420"}],"wp:term":[{"taxonomy":"category","embeddable":true,"href":"https:\/\/blogs.elcomercio.es\/reflexiones-de-belarmino\/wp-json\/wp\/v2\/categories?post=30420"},{"taxonomy":"post_tag","embeddable":true,"href":"https:\/\/blogs.elcomercio.es\/reflexiones-de-belarmino\/wp-json\/wp\/v2\/tags?post=30420"}],"curies":[{"name":"wp","href":"https:\/\/api.w.org\/{rel}","templated":true}]}}