{"id":30437,"date":"2023-05-28T20:19:15","date_gmt":"2023-05-28T18:19:15","guid":{"rendered":"https:\/\/blogs.elcomercio.es\/reflexiones-de-belarmino\/?p=30437"},"modified":"2023-05-28T20:19:15","modified_gmt":"2023-05-28T18:19:15","slug":"sondeos-espana-girara-a-la-derecha-el-pp-absorbera-a-ciudadanos-el-psoe-retrocede-vox-sube-y-la-izquierda-no-da-la-talla","status":"publish","type":"post","link":"https:\/\/blogs.elcomercio.es\/reflexiones-de-belarmino\/2023\/05\/28\/sondeos-espana-girara-a-la-derecha-el-pp-absorbera-a-ciudadanos-el-psoe-retrocede-vox-sube-y-la-izquierda-no-da-la-talla\/","title":{"rendered":"\u00a1\u00a1\u00a1\u00a1SONDEOS:  ESPA\u00d1A GIRAR\u00c1 A LA DERECHA, EL PP ABSORBER\u00c1 A CIUDADANOS, EL PSOE RETROCEDE, VOX SUBE Y LA IZQUIERDA NO DA LA TALLA !!!"},"content":{"rendered":"<p><strong>Son s\u00f3lo sondeos, a pie de urna. No son completos, pero las primeras impresiones es que el PP y VOX saldr\u00e1n favorecidos; El PSOE\u00a0 retrocede, a su izquierda no dan la talla, Ciudadanos desaparece, y sus votos van al PP.<\/strong><\/p>\n<p><b>La Comunidad de Madrid y la Alcald\u00eda de Madrid, el PP tendr\u00eda mayor\u00eda\u00a0absoluta; la Comunidad Valenciana muy ajustada, lo mismo que Castilla- La Mancha.<\/b><\/p>\n<p><strong>Es una pincelada inicial.<\/strong><\/p>\n<p><strong>Volveremos con m\u00e1s an\u00e1lisis mas completos en 30 minutos.<\/strong><\/p>\n<!-- AddThis Advanced Settings generic via filter on the_content --><!-- AddThis Share Buttons generic via filter on the_content -->","protected":false},"excerpt":{"rendered":"<p>Son s\u00f3lo sondeos, a pie de urna. No son completos, pero las primeras impresiones es que el PP y VOX saldr\u00e1n favorecidos; El PSOE\u00a0 retrocede, a su izquierda no dan la talla, Ciudadanos desaparece, y sus votos van al PP. La Comunidad de Madrid y la Alcald\u00eda de Madrid, el PP tendr\u00eda mayor\u00eda\u00a0absoluta; la Comunidad [&hellip;]<!-- AddThis Advanced Settings generic via filter on get_the_excerpt --><!-- AddThis Share Buttons generic via filter on get_the_excerpt --><\/p>\n","protected":false},"author":16,"featured_media":0,"comment_status":"open","ping_status":"closed","sticky":false,"template":"","format":"standard","meta":[],"categories":[1],"tags":[],"_links":{"self":[{"href":"https:\/\/blogs.elcomercio.es\/reflexiones-de-belarmino\/wp-json\/wp\/v2\/posts\/30437"}],"collection":[{"href":"https:\/\/blogs.elcomercio.es\/reflexiones-de-belarmino\/wp-json\/wp\/v2\/posts"}],"about":[{"href":"https:\/\/blogs.elcomercio.es\/reflexiones-de-belarmino\/wp-json\/wp\/v2\/types\/post"}],"author":[{"embeddable":true,"href":"https:\/\/blogs.elcomercio.es\/reflexiones-de-belarmino\/wp-json\/wp\/v2\/users\/16"}],"replies":[{"embeddable":true,"href":"https:\/\/blogs.elcomercio.es\/reflexiones-de-belarmino\/wp-json\/wp\/v2\/comments?post=30437"}],"version-history":[{"count":2,"href":"https:\/\/blogs.elcomercio.es\/reflexiones-de-belarmino\/wp-json\/wp\/v2\/posts\/30437\/revisions"}],"predecessor-version":[{"id":30439,"href":"https:\/\/blogs.elcomercio.es\/reflexiones-de-belarmino\/wp-json\/wp\/v2\/posts\/30437\/revisions\/30439"}],"wp:attachment":[{"href":"https:\/\/blogs.elcomercio.es\/reflexiones-de-belarmino\/wp-json\/wp\/v2\/media?parent=30437"}],"wp:term":[{"taxonomy":"category","embeddable":true,"href":"https:\/\/blogs.elcomercio.es\/reflexiones-de-belarmino\/wp-json\/wp\/v2\/categories?post=30437"},{"taxonomy":"post_tag","embeddable":true,"href":"https:\/\/blogs.elcomercio.es\/reflexiones-de-belarmino\/wp-json\/wp\/v2\/tags?post=30437"}],"curies":[{"name":"wp","href":"https:\/\/api.w.org\/{rel}","templated":true}]}}