{"id":30446,"date":"2023-05-28T21:17:34","date_gmt":"2023-05-28T19:17:34","guid":{"rendered":"https:\/\/blogs.elcomercio.es\/reflexiones-de-belarmino\/?p=30446"},"modified":"2023-05-28T21:17:34","modified_gmt":"2023-05-28T19:17:34","slug":"asturias-ganaria-barbon-y-se-perderia-oviedo-y-gijon","status":"publish","type":"post","link":"https:\/\/blogs.elcomercio.es\/reflexiones-de-belarmino\/2023\/05\/28\/asturias-ganaria-barbon-y-se-perderia-oviedo-y-gijon\/","title":{"rendered":"\u00a1\u00a1\u00a1\u00a1\u00a1ASTURIAS GANAR\u00cdA BARB\u00d3N Y SE PERDER\u00cdA OVIEDO Y GIJ\u00d3N!!!!"},"content":{"rendered":"<p><b>Solo encuestas. GAD3, BARBON SER\u00cdA\u00a0PRESIDENTE, pero se perder\u00eda ante PP ,VOX Y\u00a0 FORO, OVIEDO Y GIJ\u00d3N, DONDE PODR\u00cdA REGRESAR MORILLON. Fracaso de la izquierda.<\/b><\/p>\n<!-- AddThis Advanced Settings generic via filter on the_content --><!-- AddThis Share Buttons generic via filter on the_content -->","protected":false},"excerpt":{"rendered":"<p>Solo encuestas. GAD3, BARBON SER\u00cdA\u00a0PRESIDENTE, pero se perder\u00eda ante PP ,VOX Y\u00a0 FORO, OVIEDO Y GIJ\u00d3N, DONDE PODR\u00cdA REGRESAR MORILLON. Fracaso de la izquierda.<!-- AddThis Advanced Settings generic via filter on get_the_excerpt --><!-- AddThis Share Buttons generic via filter on get_the_excerpt --><\/p>\n","protected":false},"author":16,"featured_media":0,"comment_status":"open","ping_status":"closed","sticky":false,"template":"","format":"standard","meta":[],"categories":[1],"tags":[],"_links":{"self":[{"href":"https:\/\/blogs.elcomercio.es\/reflexiones-de-belarmino\/wp-json\/wp\/v2\/posts\/30446"}],"collection":[{"href":"https:\/\/blogs.elcomercio.es\/reflexiones-de-belarmino\/wp-json\/wp\/v2\/posts"}],"about":[{"href":"https:\/\/blogs.elcomercio.es\/reflexiones-de-belarmino\/wp-json\/wp\/v2\/types\/post"}],"author":[{"embeddable":true,"href":"https:\/\/blogs.elcomercio.es\/reflexiones-de-belarmino\/wp-json\/wp\/v2\/users\/16"}],"replies":[{"embeddable":true,"href":"https:\/\/blogs.elcomercio.es\/reflexiones-de-belarmino\/wp-json\/wp\/v2\/comments?post=30446"}],"version-history":[{"count":1,"href":"https:\/\/blogs.elcomercio.es\/reflexiones-de-belarmino\/wp-json\/wp\/v2\/posts\/30446\/revisions"}],"predecessor-version":[{"id":30447,"href":"https:\/\/blogs.elcomercio.es\/reflexiones-de-belarmino\/wp-json\/wp\/v2\/posts\/30446\/revisions\/30447"}],"wp:attachment":[{"href":"https:\/\/blogs.elcomercio.es\/reflexiones-de-belarmino\/wp-json\/wp\/v2\/media?parent=30446"}],"wp:term":[{"taxonomy":"category","embeddable":true,"href":"https:\/\/blogs.elcomercio.es\/reflexiones-de-belarmino\/wp-json\/wp\/v2\/categories?post=30446"},{"taxonomy":"post_tag","embeddable":true,"href":"https:\/\/blogs.elcomercio.es\/reflexiones-de-belarmino\/wp-json\/wp\/v2\/tags?post=30446"}],"curies":[{"name":"wp","href":"https:\/\/api.w.org\/{rel}","templated":true}]}}