{"id":30452,"date":"2023-05-29T09:53:40","date_gmt":"2023-05-29T07:53:40","guid":{"rendered":"https:\/\/blogs.elcomercio.es\/reflexiones-de-belarmino\/?p=30452"},"modified":"2023-05-29T09:53:40","modified_gmt":"2023-05-29T07:53:40","slug":"el-pueblo-libremente-decidio-quiere-la-espana-conservadora-de-siempre-y-la-ola-azul-verde-da-entrada-a-vox-a-todos-niveles","status":"publish","type":"post","link":"https:\/\/blogs.elcomercio.es\/reflexiones-de-belarmino\/2023\/05\/29\/el-pueblo-libremente-decidio-quiere-la-espana-conservadora-de-siempre-y-la-ola-azul-verde-da-entrada-a-vox-a-todos-niveles\/","title":{"rendered":"\u00a1\u00a1\u00a1\u00a1EL PUEBLO, LIBREMENTE DECIDI\u00d3. QUIERE LA ESPA\u00d1A CONSERVADORA DE SIEMPRE, Y LA OLA AZUL- VERDE, DA ENTRADA A VOX A TODOS NIVELES !!!"},"content":{"rendered":"<p><b>Bien, ya no hay encuesta que valga. Ayer el PUEBLO ESPA\u00d1OL, LIBREMENTE DECIDI\u00d3,y ante ello, tendremos 4 a\u00f1os en las Autonom\u00edas\u00a0y Municipios, las pol\u00edticas\u00a0que defienden el Partido Popular\u00a0y Vox. Fue un verdadero tsunami, as\u00ed que no hay duda de que quieren las grandes mayor\u00edas de nuestro pa\u00eds.Libremente decidi\u00f3 volver a la Espa\u00f1a de toda la historia, con la tranquilidad\u00a0que le dan los 1,300 euros al mes, el ser\u00a0<\/b><b>europeos, y la tranquilidad.Ese fue el mandato\u00a0<\/b><b>en las Municipales que podr\u00edan ser un adelanto de las generales.<\/b><\/p>\n<!-- AddThis Advanced Settings generic via filter on the_content --><!-- AddThis Share Buttons generic via filter on the_content -->","protected":false},"excerpt":{"rendered":"<p>Bien, ya no hay encuesta que valga. Ayer el PUEBLO ESPA\u00d1OL, LIBREMENTE DECIDI\u00d3,y ante ello, tendremos 4 a\u00f1os en las Autonom\u00edas\u00a0y Municipios, las pol\u00edticas\u00a0que defienden el Partido Popular\u00a0y Vox. Fue un verdadero tsunami, as\u00ed que no hay duda de que quieren las grandes mayor\u00edas de nuestro pa\u00eds.Libremente decidi\u00f3 volver a la Espa\u00f1a de toda la [&hellip;]<!-- AddThis Advanced Settings generic via filter on get_the_excerpt --><!-- AddThis Share Buttons generic via filter on get_the_excerpt --><\/p>\n","protected":false},"author":16,"featured_media":0,"comment_status":"open","ping_status":"closed","sticky":false,"template":"","format":"standard","meta":[],"categories":[1],"tags":[],"_links":{"self":[{"href":"https:\/\/blogs.elcomercio.es\/reflexiones-de-belarmino\/wp-json\/wp\/v2\/posts\/30452"}],"collection":[{"href":"https:\/\/blogs.elcomercio.es\/reflexiones-de-belarmino\/wp-json\/wp\/v2\/posts"}],"about":[{"href":"https:\/\/blogs.elcomercio.es\/reflexiones-de-belarmino\/wp-json\/wp\/v2\/types\/post"}],"author":[{"embeddable":true,"href":"https:\/\/blogs.elcomercio.es\/reflexiones-de-belarmino\/wp-json\/wp\/v2\/users\/16"}],"replies":[{"embeddable":true,"href":"https:\/\/blogs.elcomercio.es\/reflexiones-de-belarmino\/wp-json\/wp\/v2\/comments?post=30452"}],"version-history":[{"count":1,"href":"https:\/\/blogs.elcomercio.es\/reflexiones-de-belarmino\/wp-json\/wp\/v2\/posts\/30452\/revisions"}],"predecessor-version":[{"id":30453,"href":"https:\/\/blogs.elcomercio.es\/reflexiones-de-belarmino\/wp-json\/wp\/v2\/posts\/30452\/revisions\/30453"}],"wp:attachment":[{"href":"https:\/\/blogs.elcomercio.es\/reflexiones-de-belarmino\/wp-json\/wp\/v2\/media?parent=30452"}],"wp:term":[{"taxonomy":"category","embeddable":true,"href":"https:\/\/blogs.elcomercio.es\/reflexiones-de-belarmino\/wp-json\/wp\/v2\/categories?post=30452"},{"taxonomy":"post_tag","embeddable":true,"href":"https:\/\/blogs.elcomercio.es\/reflexiones-de-belarmino\/wp-json\/wp\/v2\/tags?post=30452"}],"curies":[{"name":"wp","href":"https:\/\/api.w.org\/{rel}","templated":true}]}}