{"id":30527,"date":"2023-06-02T12:19:59","date_gmt":"2023-06-02T10:19:59","guid":{"rendered":"https:\/\/blogs.elcomercio.es\/reflexiones-de-belarmino\/?p=30527"},"modified":"2023-06-02T12:21:03","modified_gmt":"2023-06-02T10:21:03","slug":"alcanza-el-empleo-nuevo-record-20-8-millones-de-personas-baja-el-paro-en-50000","status":"publish","type":"post","link":"https:\/\/blogs.elcomercio.es\/reflexiones-de-belarmino\/2023\/06\/02\/alcanza-el-empleo-nuevo-record-20-8-millones-de-personas-baja-el-paro-en-50000\/","title":{"rendered":"\u00a1\u00a1\u00a1\u00a1\u00a1ALCANZA EL EMPLEO NUEVO R\u00c9CORD: 20.8 MILLONES DE PERSONAS. BAJA EL PARO EN 50,000 !!!!!"},"content":{"rendered":"<p><strong>Con la creaci\u00f3n de 200,000 nuevos , Espa\u00f1a alcanza su m\u00e1ximo hist\u00f3rico: 20.800.000 empleos.El paro baja 50,000\u00a0 personas.<\/strong><\/p>\n<!-- AddThis Advanced Settings generic via filter on the_content --><!-- AddThis Share Buttons generic via filter on the_content -->","protected":false},"excerpt":{"rendered":"<p>Con la creaci\u00f3n de 200,000 nuevos , Espa\u00f1a alcanza su m\u00e1ximo hist\u00f3rico: 20.800.000 empleos.El paro baja 50,000\u00a0 personas.<!-- AddThis Advanced Settings generic via filter on get_the_excerpt --><!-- AddThis Share Buttons generic via filter on get_the_excerpt --><\/p>\n","protected":false},"author":16,"featured_media":0,"comment_status":"open","ping_status":"closed","sticky":false,"template":"","format":"standard","meta":[],"categories":[1],"tags":[],"_links":{"self":[{"href":"https:\/\/blogs.elcomercio.es\/reflexiones-de-belarmino\/wp-json\/wp\/v2\/posts\/30527"}],"collection":[{"href":"https:\/\/blogs.elcomercio.es\/reflexiones-de-belarmino\/wp-json\/wp\/v2\/posts"}],"about":[{"href":"https:\/\/blogs.elcomercio.es\/reflexiones-de-belarmino\/wp-json\/wp\/v2\/types\/post"}],"author":[{"embeddable":true,"href":"https:\/\/blogs.elcomercio.es\/reflexiones-de-belarmino\/wp-json\/wp\/v2\/users\/16"}],"replies":[{"embeddable":true,"href":"https:\/\/blogs.elcomercio.es\/reflexiones-de-belarmino\/wp-json\/wp\/v2\/comments?post=30527"}],"version-history":[{"count":2,"href":"https:\/\/blogs.elcomercio.es\/reflexiones-de-belarmino\/wp-json\/wp\/v2\/posts\/30527\/revisions"}],"predecessor-version":[{"id":30529,"href":"https:\/\/blogs.elcomercio.es\/reflexiones-de-belarmino\/wp-json\/wp\/v2\/posts\/30527\/revisions\/30529"}],"wp:attachment":[{"href":"https:\/\/blogs.elcomercio.es\/reflexiones-de-belarmino\/wp-json\/wp\/v2\/media?parent=30527"}],"wp:term":[{"taxonomy":"category","embeddable":true,"href":"https:\/\/blogs.elcomercio.es\/reflexiones-de-belarmino\/wp-json\/wp\/v2\/categories?post=30527"},{"taxonomy":"post_tag","embeddable":true,"href":"https:\/\/blogs.elcomercio.es\/reflexiones-de-belarmino\/wp-json\/wp\/v2\/tags?post=30527"}],"curies":[{"name":"wp","href":"https:\/\/api.w.org\/{rel}","templated":true}]}}