{"id":30536,"date":"2023-06-02T18:37:30","date_gmt":"2023-06-02T16:37:30","guid":{"rendered":"https:\/\/blogs.elcomercio.es\/reflexiones-de-belarmino\/?p=30536"},"modified":"2023-06-02T18:37:30","modified_gmt":"2023-06-02T16:37:30","slug":"li-hui-enviado-de-china-rusia-y-ucrania-no-estan-listas-para-negociar-y-ahora-los-balcanes","status":"publish","type":"post","link":"https:\/\/blogs.elcomercio.es\/reflexiones-de-belarmino\/2023\/06\/02\/li-hui-enviado-de-china-rusia-y-ucrania-no-estan-listas-para-negociar-y-ahora-los-balcanes\/","title":{"rendered":"\u00a1\u00a1\u00a1\u00a1LI HU\u00cd, ENVIADO DE CHINA: &#8221; RUSIA Y UCRANIA NO EST\u00c1N LISTAS PARA NEGOCIAR &#8220;. Y AHORA LOS B\u00c1LCANES"},"content":{"rendered":"<p><b>Cuando el delegado de China, Li Hu\u00ed tras visitar Ucrania, Polonia, Alemania, Par\u00eds\u00a0y Mosc\u00fa, acaba de declarar\u00a0 en Pekin, que&#8221; NI RUSIA NI UCRANIA\u00a0EST\u00c1N\u00a0LISTAS PARA NEGOCIAR&#8221;, lo deja\u00a0 muy claro. Si China no lo logr\u00f3, por ahora\u00a0no lo lograr\u00e1 nadie y la guerra seguir\u00e1 bastante tiempo hasta que haya\u00a0algo que lo haga parar<\/b><\/p>\n<p><b>Hay que agregar que con\u00a0 el que\u00a0 est\u00e1 surgiendo entre\u00a0 Serbia y Kosovo, en Los Balcanes., se abren tiempos que\u00a0pueden ser muy dif\u00edciles, en una Europa que habia atenido 75 a\u00f1os de paz, los primeros en 1,000 a\u00f1os.<\/b><\/p>\n<!-- AddThis Advanced Settings generic via filter on the_content --><!-- AddThis Share Buttons generic via filter on the_content -->","protected":false},"excerpt":{"rendered":"<p>Cuando el delegado de China, Li Hu\u00ed tras visitar Ucrania, Polonia, Alemania, Par\u00eds\u00a0y Mosc\u00fa, acaba de declarar\u00a0 en Pekin, que&#8221; NI RUSIA NI UCRANIA\u00a0EST\u00c1N\u00a0LISTAS PARA NEGOCIAR&#8221;, lo deja\u00a0 muy claro. Si China no lo logr\u00f3, por ahora\u00a0no lo lograr\u00e1 nadie y la guerra seguir\u00e1 bastante tiempo hasta que haya\u00a0algo que lo haga parar Hay que [&hellip;]<!-- AddThis Advanced Settings generic via filter on get_the_excerpt --><!-- AddThis Share Buttons generic via filter on get_the_excerpt --><\/p>\n","protected":false},"author":16,"featured_media":0,"comment_status":"open","ping_status":"closed","sticky":false,"template":"","format":"standard","meta":[],"categories":[1],"tags":[],"_links":{"self":[{"href":"https:\/\/blogs.elcomercio.es\/reflexiones-de-belarmino\/wp-json\/wp\/v2\/posts\/30536"}],"collection":[{"href":"https:\/\/blogs.elcomercio.es\/reflexiones-de-belarmino\/wp-json\/wp\/v2\/posts"}],"about":[{"href":"https:\/\/blogs.elcomercio.es\/reflexiones-de-belarmino\/wp-json\/wp\/v2\/types\/post"}],"author":[{"embeddable":true,"href":"https:\/\/blogs.elcomercio.es\/reflexiones-de-belarmino\/wp-json\/wp\/v2\/users\/16"}],"replies":[{"embeddable":true,"href":"https:\/\/blogs.elcomercio.es\/reflexiones-de-belarmino\/wp-json\/wp\/v2\/comments?post=30536"}],"version-history":[{"count":3,"href":"https:\/\/blogs.elcomercio.es\/reflexiones-de-belarmino\/wp-json\/wp\/v2\/posts\/30536\/revisions"}],"predecessor-version":[{"id":30539,"href":"https:\/\/blogs.elcomercio.es\/reflexiones-de-belarmino\/wp-json\/wp\/v2\/posts\/30536\/revisions\/30539"}],"wp:attachment":[{"href":"https:\/\/blogs.elcomercio.es\/reflexiones-de-belarmino\/wp-json\/wp\/v2\/media?parent=30536"}],"wp:term":[{"taxonomy":"category","embeddable":true,"href":"https:\/\/blogs.elcomercio.es\/reflexiones-de-belarmino\/wp-json\/wp\/v2\/categories?post=30536"},{"taxonomy":"post_tag","embeddable":true,"href":"https:\/\/blogs.elcomercio.es\/reflexiones-de-belarmino\/wp-json\/wp\/v2\/tags?post=30536"}],"curies":[{"name":"wp","href":"https:\/\/api.w.org\/{rel}","templated":true}]}}