{"id":30560,"date":"2023-06-04T09:51:14","date_gmt":"2023-06-04T07:51:14","guid":{"rendered":"https:\/\/blogs.elcomercio.es\/reflexiones-de-belarmino\/?p=30560"},"modified":"2023-06-04T09:51:14","modified_gmt":"2023-06-04T07:51:14","slug":"enredada-en-su-historia-todavia-espana-va-vivir-cinco-anos-de-turbulencia-gane-quien-gane-las-generales","status":"publish","type":"post","link":"https:\/\/blogs.elcomercio.es\/reflexiones-de-belarmino\/2023\/06\/04\/enredada-en-su-historia-todavia-espana-va-vivir-cinco-anos-de-turbulencia-gane-quien-gane-las-generales\/","title":{"rendered":"\u00a1\u00a1\u00a1\u00a1\u00a1ENREDADA EN  SU HISTORIA TODAVIA, ESPA\u00d1A VA VIVIR CINCO A\u00d1OS DE TURBULENCIA, GANE QUIEN GANE LAS GENERALES !!!"},"content":{"rendered":"<p><strong>Tratando de ser lo m\u00e1s objetivo posible, los 2023-2030 de\u00a0<\/strong><b>Espa\u00f1a van a ser a\u00f1os turbulentos, no importa quien gane las elecciones. Veamos. Si la derecha confirma su triunfo en las generales, las\u00a0pol\u00edticas\u00a0del PP y de VOX van a enfrentar a todos los avances sociales logrados por el Gobierno de Coalici\u00f3n, que significan beneficios para millones de espa\u00f1oles, sobre\u00a0todo los m\u00e1s marginales y los que\u00a0m\u00e1s van a salir a las calles..<\/b><\/p>\n<p><strong>Pero sin ganan las generales el PSOE-SUMAR, va a darse un enfrentamiento entre el poder central y los gobiernos de las autonom\u00edas, los que acaban de aplastar a la izquierda el 28 de Mayo.<\/strong><\/p>\n<p><b>Nadie lo quiere, pero permanece esa constante de nuestra historia. Divididos, dif\u00edcilmente\u00a0vamos a lograr que Espa\u00f1a de pasos hacia adelante, sino que tenderemos a los conflictos sociales que bien conocemos. Pero, esta vez est\u00e1 en medio VOX, con una idea clara: Ellos no van por el gobierno, van por el poder. Con una Espa\u00f1a con Vox en el gobierno central, m\u00e1s el posible triunfo de Trump en los Estados Unidos en noviembre del a\u00f1o pr\u00f3ximo y la ofensiva de la Internacional Anticomunista, estaremos\u00a0en medio de un mundo convulso., m\u00e1xime en el marco de un proceso mundial\u00a0 unipolar a uno muiltipolar.<\/b><\/p>\n<p>&nbsp;<\/p>\n<!-- AddThis Advanced Settings generic via filter on the_content --><!-- AddThis Share Buttons generic via filter on the_content -->","protected":false},"excerpt":{"rendered":"<p>Tratando de ser lo m\u00e1s objetivo posible, los 2023-2030 de\u00a0Espa\u00f1a van a ser a\u00f1os turbulentos, no importa quien gane las elecciones. Veamos. Si la derecha confirma su triunfo en las generales, las\u00a0pol\u00edticas\u00a0del PP y de VOX van a enfrentar a todos los avances sociales logrados por el Gobierno de Coalici\u00f3n, que significan beneficios para millones [&hellip;]<!-- AddThis Advanced Settings generic via filter on get_the_excerpt --><!-- AddThis Share Buttons generic via filter on get_the_excerpt --><\/p>\n","protected":false},"author":16,"featured_media":0,"comment_status":"open","ping_status":"closed","sticky":false,"template":"","format":"standard","meta":[],"categories":[1],"tags":[],"_links":{"self":[{"href":"https:\/\/blogs.elcomercio.es\/reflexiones-de-belarmino\/wp-json\/wp\/v2\/posts\/30560"}],"collection":[{"href":"https:\/\/blogs.elcomercio.es\/reflexiones-de-belarmino\/wp-json\/wp\/v2\/posts"}],"about":[{"href":"https:\/\/blogs.elcomercio.es\/reflexiones-de-belarmino\/wp-json\/wp\/v2\/types\/post"}],"author":[{"embeddable":true,"href":"https:\/\/blogs.elcomercio.es\/reflexiones-de-belarmino\/wp-json\/wp\/v2\/users\/16"}],"replies":[{"embeddable":true,"href":"https:\/\/blogs.elcomercio.es\/reflexiones-de-belarmino\/wp-json\/wp\/v2\/comments?post=30560"}],"version-history":[{"count":1,"href":"https:\/\/blogs.elcomercio.es\/reflexiones-de-belarmino\/wp-json\/wp\/v2\/posts\/30560\/revisions"}],"predecessor-version":[{"id":30561,"href":"https:\/\/blogs.elcomercio.es\/reflexiones-de-belarmino\/wp-json\/wp\/v2\/posts\/30560\/revisions\/30561"}],"wp:attachment":[{"href":"https:\/\/blogs.elcomercio.es\/reflexiones-de-belarmino\/wp-json\/wp\/v2\/media?parent=30560"}],"wp:term":[{"taxonomy":"category","embeddable":true,"href":"https:\/\/blogs.elcomercio.es\/reflexiones-de-belarmino\/wp-json\/wp\/v2\/categories?post=30560"},{"taxonomy":"post_tag","embeddable":true,"href":"https:\/\/blogs.elcomercio.es\/reflexiones-de-belarmino\/wp-json\/wp\/v2\/tags?post=30560"}],"curies":[{"name":"wp","href":"https:\/\/api.w.org\/{rel}","templated":true}]}}