{"id":30624,"date":"2023-06-07T10:36:43","date_gmt":"2023-06-07T08:36:43","guid":{"rendered":"https:\/\/blogs.elcomercio.es\/reflexiones-de-belarmino\/?p=30624"},"modified":"2023-06-07T10:36:43","modified_gmt":"2023-06-07T08:36:43","slug":"iglesias-y-montero-tras-la-debacle-de-podemos-el-28-m-seran-culpables-si-no-se-integran-no-se-puede-vivir-del-pasado","status":"publish","type":"post","link":"https:\/\/blogs.elcomercio.es\/reflexiones-de-belarmino\/2023\/06\/07\/iglesias-y-montero-tras-la-debacle-de-podemos-el-28-m-seran-culpables-si-no-se-integran-no-se-puede-vivir-del-pasado\/","title":{"rendered":"\u00a1\u00a1\u00a1\u00a1IGLESIAS Y MONTERO, TRAS LA DEBACLE DE PODEMOS EL 28 M, SER\u00c1N CULPABLES SI NO SE INTEGRAN. NO SE PUEDE VIVIR DEL PASADO !!!"},"content":{"rendered":"<p><b>En su momento todos tuvimos la alegr\u00eda de aquel 15 M, el surgimiento de Podemos. Pero, uno, m\u00e1xime cuando es\u00a0derrotado el 28 M, puede exigir sobre su pasado para formar el futuro, salvo que haya problemas\u00a0personales o econ\u00f3micos que no se conocen pero se intuyen.<\/b><\/p>\n<p><b>El d\u00eda que conocemos\u00a0 seg\u00fan\u00a0las encuestas que el 23 de J, el seguir en el proceso de cambio, salta la declaraci\u00f3n\u00a0del se\u00f1or Iglesias &#8221; Hay organizaciones que est\u00e1n vetando a Irene Montero para que se integre a SUMAR&#8221;, volvi\u00f3 con su inmadurez a darle armas a los que combate y debilita.<\/b><\/p>\n<p><b>Pero el proyecto de Yolanda D\u00edaz, una dirigente con sentido y hacer pol\u00edtico, va a salir adelante, y los afiliados\u00a0de Podemos, si contar con la c\u00fapula\u00a0que tiene intereses de por medio, van a terminar desembocando en el proyecto colectivo que encabeza la se\u00f1ora D\u00edaz.<\/b><\/p>\n<p><b>Hay partido y no lo vamos a perder, por que\u00a0no deseamos que todo lo avanzado en 4 a\u00f1os, lo destruyan Feij\u00f3o y Abascal..Por lo pronto\u00a0hay que sumar, y no ponerle diques al r\u00edo.<\/b><\/p>\n<p><b>En plena crisis econ\u00f3mica de Salinas de Gortari, recorr\u00ed todo el pa\u00eds buscando trabajo, y aparend\u00ed una lecci\u00f3n: Cuando te anunciabas , \u00bf Quien es usted?. &#8221; D\u00edgale\u00a0que el EX diputado&#8230;&#8230;&#8221; Puertas cerradas.<\/b><\/p>\n<p><strong>El pasado eso fue, los EX son eso ,EX.<\/strong><\/p>\n<p><strong>Iglesias y Montero, ustedes FUERON pero, eso fue pasado.<\/strong><\/p>\n<p><strong>No nieguen el futuro.<\/strong><\/p>\n<p>&nbsp;<\/p>\n<p>&nbsp;<\/p>\n<p>&nbsp;<\/p>\n<p>&nbsp;<\/p>\n<p>&nbsp;<\/p>\n<!-- AddThis Advanced Settings generic via filter on the_content --><!-- AddThis Share Buttons generic via filter on the_content -->","protected":false},"excerpt":{"rendered":"<p>En su momento todos tuvimos la alegr\u00eda de aquel 15 M, el surgimiento de Podemos. Pero, uno, m\u00e1xime cuando es\u00a0derrotado el 28 M, puede exigir sobre su pasado para formar el futuro, salvo que haya problemas\u00a0personales o econ\u00f3micos que no se conocen pero se intuyen. El d\u00eda que conocemos\u00a0 seg\u00fan\u00a0las encuestas que el 23 de [&hellip;]<!-- AddThis Advanced Settings generic via filter on get_the_excerpt --><!-- AddThis Share Buttons generic via filter on get_the_excerpt --><\/p>\n","protected":false},"author":16,"featured_media":0,"comment_status":"open","ping_status":"closed","sticky":false,"template":"","format":"standard","meta":[],"categories":[1],"tags":[],"_links":{"self":[{"href":"https:\/\/blogs.elcomercio.es\/reflexiones-de-belarmino\/wp-json\/wp\/v2\/posts\/30624"}],"collection":[{"href":"https:\/\/blogs.elcomercio.es\/reflexiones-de-belarmino\/wp-json\/wp\/v2\/posts"}],"about":[{"href":"https:\/\/blogs.elcomercio.es\/reflexiones-de-belarmino\/wp-json\/wp\/v2\/types\/post"}],"author":[{"embeddable":true,"href":"https:\/\/blogs.elcomercio.es\/reflexiones-de-belarmino\/wp-json\/wp\/v2\/users\/16"}],"replies":[{"embeddable":true,"href":"https:\/\/blogs.elcomercio.es\/reflexiones-de-belarmino\/wp-json\/wp\/v2\/comments?post=30624"}],"version-history":[{"count":1,"href":"https:\/\/blogs.elcomercio.es\/reflexiones-de-belarmino\/wp-json\/wp\/v2\/posts\/30624\/revisions"}],"predecessor-version":[{"id":30625,"href":"https:\/\/blogs.elcomercio.es\/reflexiones-de-belarmino\/wp-json\/wp\/v2\/posts\/30624\/revisions\/30625"}],"wp:attachment":[{"href":"https:\/\/blogs.elcomercio.es\/reflexiones-de-belarmino\/wp-json\/wp\/v2\/media?parent=30624"}],"wp:term":[{"taxonomy":"category","embeddable":true,"href":"https:\/\/blogs.elcomercio.es\/reflexiones-de-belarmino\/wp-json\/wp\/v2\/categories?post=30624"},{"taxonomy":"post_tag","embeddable":true,"href":"https:\/\/blogs.elcomercio.es\/reflexiones-de-belarmino\/wp-json\/wp\/v2\/tags?post=30624"}],"curies":[{"name":"wp","href":"https:\/\/api.w.org\/{rel}","templated":true}]}}