{"id":30626,"date":"2023-06-07T11:15:54","date_gmt":"2023-06-07T09:15:54","guid":{"rendered":"https:\/\/blogs.elcomercio.es\/reflexiones-de-belarmino\/?p=30626"},"modified":"2023-06-07T11:15:54","modified_gmt":"2023-06-07T09:15:54","slug":"ahora-toca-elegir-al-coordinador-o-coordinadora-de-los-comites-de-defensa-de-la-cuarta-transformacion-para-2024-2030","status":"publish","type":"post","link":"https:\/\/blogs.elcomercio.es\/reflexiones-de-belarmino\/2023\/06\/07\/ahora-toca-elegir-al-coordinador-o-coordinadora-de-los-comites-de-defensa-de-la-cuarta-transformacion-para-2024-2030\/","title":{"rendered":"\u00a1\u00a1\u00a1AHORA TOCA ELEGIR AL COORDINADOR O COORDINADORA DE LOS COMIT\u00c9S DE DEFENSA DE LA CUARTA TRANSFORMACI\u00d3N PARA 2024-2030 !!!"},"content":{"rendered":"<p><b>Como estaba previsto, tras las\u00a0elecciones de Coahuila y el Estado de M\u00e9xico ,ahora toca iniciar el proceso\u00a0democr\u00e1tico\u00a0de MORENA, para determinar\u00a0los pasos que hay que dar a nivel nacional, para que los militantes\u00a0en todo el pais elijan AL COORDINADOR O COORDINADORA DE LOS LOS COMIT\u00c9S\u00a0DE DEFENSA DE LA CUARTA TRANSFORMACI\u00d3N\u00a0PARA 2024-2030, es decir al sucesor o la sucesora\u00a0 de Andr\u00e9s Manuel L\u00f3pez Obrador.<\/b><\/p>\n<p><b>El domingo se re\u00fane\u00a0el Comit\u00e9 Nacional de Morena, presidido por el\u00a0gobernador de Sonora Alfonso Durazo, para desarrollar\u00a0el camino, los candidatos\u00a0y los tiempos, para elegir democraticamente de abajo hacia arriba y a trav\u00e9s de encuestas nacionales, quien ser\u00e1 el o la candidata de MORENA para las elecciones presidenciales del 2024.<\/b><\/p>\n<p><strong>Con un a\u00f1o por delante, L\u00f3pez Obrador cumple ,a pesar del 68 % de popularidad, con el principio de la Revoluci\u00f3n Mexicana de 1910: &#8221; Sufragio Efectivo, No reelecci\u00f3n &#8220;.<\/strong><\/p>\n<p><b>Los cuatro candidatos\u00a0que han mostrado intereses y trabajo y que encabezan las encuestas son: 1) CLAUDIA SCHENBAUM( Gobernadora de la Ciudad de M\u00e9xico, 50 a\u00f1os, f\u00edsica) 2) MARCELO EBRARD(Secretario de Relaciones Exteriores, 58 a\u00f1os, abogado): 3) ADAN AUGUSTO HERNANDEZ LOPEZ(Secretario de Gobernaci\u00f3n, 65 a\u00f1os, abogado) y 4) RICARDO MONREAL( lider de Morena en el Senado, 55 a\u00f1os, abogado ).<\/b><\/p>\n<p><b>Ayer renunci\u00f3\u00a0a su puesto de Secretario\u00a0de Relaciones Exteriores Marcelo Ebrard, para, desde el lunes iniciar la campa\u00f1a\u00a0electoral, seg\u00fan las normas fijadas por el Consejo Nacional de Morena.<\/b><\/p>\n<p><b>En este blog, mantendremos la informaci\u00f3n del a\u00f1o que le resta a L\u00f3pez Obrador y del proceso de selecci\u00f3n\u00a0de \u00e9l o\u00a0 la Coordinadora de los Comit\u00e9s de Defensa de la Cuarta transformaci\u00f3n para 2024-2030.<\/b>.<\/p>\n<p>&nbsp;<\/p>\n<p>&nbsp;<\/p>\n<p>&nbsp;<\/p>\n<!-- AddThis Advanced Settings generic via filter on the_content --><!-- AddThis Share Buttons generic via filter on the_content -->","protected":false},"excerpt":{"rendered":"<p>Como estaba previsto, tras las\u00a0elecciones de Coahuila y el Estado de M\u00e9xico ,ahora toca iniciar el proceso\u00a0democr\u00e1tico\u00a0de MORENA, para determinar\u00a0los pasos que hay que dar a nivel nacional, para que los militantes\u00a0en todo el pais elijan AL COORDINADOR O COORDINADORA DE LOS LOS COMIT\u00c9S\u00a0DE DEFENSA DE LA CUARTA TRANSFORMACI\u00d3N\u00a0PARA 2024-2030, es decir al sucesor o [&hellip;]<!-- AddThis Advanced Settings generic via filter on get_the_excerpt --><!-- AddThis Share Buttons generic via filter on get_the_excerpt --><\/p>\n","protected":false},"author":16,"featured_media":0,"comment_status":"open","ping_status":"closed","sticky":false,"template":"","format":"standard","meta":[],"categories":[1],"tags":[],"_links":{"self":[{"href":"https:\/\/blogs.elcomercio.es\/reflexiones-de-belarmino\/wp-json\/wp\/v2\/posts\/30626"}],"collection":[{"href":"https:\/\/blogs.elcomercio.es\/reflexiones-de-belarmino\/wp-json\/wp\/v2\/posts"}],"about":[{"href":"https:\/\/blogs.elcomercio.es\/reflexiones-de-belarmino\/wp-json\/wp\/v2\/types\/post"}],"author":[{"embeddable":true,"href":"https:\/\/blogs.elcomercio.es\/reflexiones-de-belarmino\/wp-json\/wp\/v2\/users\/16"}],"replies":[{"embeddable":true,"href":"https:\/\/blogs.elcomercio.es\/reflexiones-de-belarmino\/wp-json\/wp\/v2\/comments?post=30626"}],"version-history":[{"count":4,"href":"https:\/\/blogs.elcomercio.es\/reflexiones-de-belarmino\/wp-json\/wp\/v2\/posts\/30626\/revisions"}],"predecessor-version":[{"id":30630,"href":"https:\/\/blogs.elcomercio.es\/reflexiones-de-belarmino\/wp-json\/wp\/v2\/posts\/30626\/revisions\/30630"}],"wp:attachment":[{"href":"https:\/\/blogs.elcomercio.es\/reflexiones-de-belarmino\/wp-json\/wp\/v2\/media?parent=30626"}],"wp:term":[{"taxonomy":"category","embeddable":true,"href":"https:\/\/blogs.elcomercio.es\/reflexiones-de-belarmino\/wp-json\/wp\/v2\/categories?post=30626"},{"taxonomy":"post_tag","embeddable":true,"href":"https:\/\/blogs.elcomercio.es\/reflexiones-de-belarmino\/wp-json\/wp\/v2\/tags?post=30626"}],"curies":[{"name":"wp","href":"https:\/\/api.w.org\/{rel}","templated":true}]}}