{"id":30631,"date":"2023-06-07T13:01:17","date_gmt":"2023-06-07T11:01:17","guid":{"rendered":"https:\/\/blogs.elcomercio.es\/reflexiones-de-belarmino\/?p=30631"},"modified":"2023-06-07T13:01:17","modified_gmt":"2023-06-07T11:01:17","slug":"habra-acuerdo-monica-garcia","status":"publish","type":"post","link":"https:\/\/blogs.elcomercio.es\/reflexiones-de-belarmino\/2023\/06\/07\/habra-acuerdo-monica-garcia\/","title":{"rendered":"\u00a1\u00a1\u00a1\u00a1\u00a1&#8221;HABR\u00c1 ACUERDO&#8221;: MONICA GARCIA.!!!!"},"content":{"rendered":"<p><b>Todo parece\u00a0indicar que habr\u00e1 acuerdo para integrar en SUMAR a PODEMOS. De ser as\u00ed es una lecci\u00f3n para todos, que va a\u00a0beneficiar a millones\u00a0de espa\u00f1olas y espa\u00f1oles. La fuente: &#8221; M\u00f3nica Garc\u00eda&#8221;<\/b><\/p>\n<!-- AddThis Advanced Settings generic via filter on the_content --><!-- AddThis Share Buttons generic via filter on the_content -->","protected":false},"excerpt":{"rendered":"<p>Todo parece\u00a0indicar que habr\u00e1 acuerdo para integrar en SUMAR a PODEMOS. De ser as\u00ed es una lecci\u00f3n para todos, que va a\u00a0beneficiar a millones\u00a0de espa\u00f1olas y espa\u00f1oles. La fuente: &#8221; M\u00f3nica Garc\u00eda&#8221;<!-- AddThis Advanced Settings generic via filter on get_the_excerpt --><!-- AddThis Share Buttons generic via filter on get_the_excerpt --><\/p>\n","protected":false},"author":16,"featured_media":0,"comment_status":"open","ping_status":"closed","sticky":false,"template":"","format":"standard","meta":[],"categories":[1],"tags":[],"_links":{"self":[{"href":"https:\/\/blogs.elcomercio.es\/reflexiones-de-belarmino\/wp-json\/wp\/v2\/posts\/30631"}],"collection":[{"href":"https:\/\/blogs.elcomercio.es\/reflexiones-de-belarmino\/wp-json\/wp\/v2\/posts"}],"about":[{"href":"https:\/\/blogs.elcomercio.es\/reflexiones-de-belarmino\/wp-json\/wp\/v2\/types\/post"}],"author":[{"embeddable":true,"href":"https:\/\/blogs.elcomercio.es\/reflexiones-de-belarmino\/wp-json\/wp\/v2\/users\/16"}],"replies":[{"embeddable":true,"href":"https:\/\/blogs.elcomercio.es\/reflexiones-de-belarmino\/wp-json\/wp\/v2\/comments?post=30631"}],"version-history":[{"count":1,"href":"https:\/\/blogs.elcomercio.es\/reflexiones-de-belarmino\/wp-json\/wp\/v2\/posts\/30631\/revisions"}],"predecessor-version":[{"id":30632,"href":"https:\/\/blogs.elcomercio.es\/reflexiones-de-belarmino\/wp-json\/wp\/v2\/posts\/30631\/revisions\/30632"}],"wp:attachment":[{"href":"https:\/\/blogs.elcomercio.es\/reflexiones-de-belarmino\/wp-json\/wp\/v2\/media?parent=30631"}],"wp:term":[{"taxonomy":"category","embeddable":true,"href":"https:\/\/blogs.elcomercio.es\/reflexiones-de-belarmino\/wp-json\/wp\/v2\/categories?post=30631"},{"taxonomy":"post_tag","embeddable":true,"href":"https:\/\/blogs.elcomercio.es\/reflexiones-de-belarmino\/wp-json\/wp\/v2\/tags?post=30631"}],"curies":[{"name":"wp","href":"https:\/\/api.w.org\/{rel}","templated":true}]}}