{"id":30687,"date":"2023-06-09T19:26:36","date_gmt":"2023-06-09T17:26:36","guid":{"rendered":"https:\/\/blogs.elcomercio.es\/reflexiones-de-belarmino\/?p=30687"},"modified":"2023-06-09T19:26:36","modified_gmt":"2023-06-09T17:26:36","slug":"putin-hace-5-dias-empezo-la-contraofensiva-sin-exito-ucrania-informa-ataques-en-marinka-bielorrusia-el-8-de-julio-con-armamento-nuclear-tactico","status":"publish","type":"post","link":"https:\/\/blogs.elcomercio.es\/reflexiones-de-belarmino\/2023\/06\/09\/putin-hace-5-dias-empezo-la-contraofensiva-sin-exito-ucrania-informa-ataques-en-marinka-bielorrusia-el-8-de-julio-con-armamento-nuclear-tactico\/","title":{"rendered":"\u00a1\u00a1\u00a1PUTIN:&#8221; HACE 5 D\u00cdAS EMPEZ\u00d3 LA CONTRAOFENSIVA, SIN \u00c9XITO&#8221;.UCRANIA INFORMA ATAQUES EN MARINKA.- BIELORRUSIA EL 8 DE JULIO CON ARMAMENTO NUCLEAR T\u00c1CTICO !!!!"},"content":{"rendered":"<p><strong>Rafael Grasso ha informado que con los medios de la Central Nuclear de Zaporiyia, se van a enfrentar los problemas del desborde de la presa. Especialistas creen que alguien al margen de los Gobiernos,pudiera haber\u00a0 dinamitado la presa., toda vez que nadie ha presentado pruebas.<\/strong><\/p>\n<p><strong>Putin inform\u00f3 que lleva 5 d\u00edas la contraofensiva de Ucrania, pero sin\u00a0<\/strong><b>\u00e9xito, y Ucrania dice que la est\u00e1n atacando en Liman,Baajmuth, Avdivka y Marinka.<\/b><\/p>\n<p><b>El 8 de julio, Bielorrusia va a tener armamento nuclear t\u00e1ctico, bajo el control\u00a0ruso, informaron en Mosc\u00fa Putin y Lukashenko<\/b><\/p>\n<!-- AddThis Advanced Settings generic via filter on the_content --><!-- AddThis Share Buttons generic via filter on the_content -->","protected":false},"excerpt":{"rendered":"<p>Rafael Grasso ha informado que con los medios de la Central Nuclear de Zaporiyia, se van a enfrentar los problemas del desborde de la presa. Especialistas creen que alguien al margen de los Gobiernos,pudiera haber\u00a0 dinamitado la presa., toda vez que nadie ha presentado pruebas. Putin inform\u00f3 que lleva 5 d\u00edas la contraofensiva de Ucrania, [&hellip;]<!-- AddThis Advanced Settings generic via filter on get_the_excerpt --><!-- AddThis Share Buttons generic via filter on get_the_excerpt --><\/p>\n","protected":false},"author":16,"featured_media":0,"comment_status":"open","ping_status":"closed","sticky":false,"template":"","format":"standard","meta":[],"categories":[1],"tags":[],"_links":{"self":[{"href":"https:\/\/blogs.elcomercio.es\/reflexiones-de-belarmino\/wp-json\/wp\/v2\/posts\/30687"}],"collection":[{"href":"https:\/\/blogs.elcomercio.es\/reflexiones-de-belarmino\/wp-json\/wp\/v2\/posts"}],"about":[{"href":"https:\/\/blogs.elcomercio.es\/reflexiones-de-belarmino\/wp-json\/wp\/v2\/types\/post"}],"author":[{"embeddable":true,"href":"https:\/\/blogs.elcomercio.es\/reflexiones-de-belarmino\/wp-json\/wp\/v2\/users\/16"}],"replies":[{"embeddable":true,"href":"https:\/\/blogs.elcomercio.es\/reflexiones-de-belarmino\/wp-json\/wp\/v2\/comments?post=30687"}],"version-history":[{"count":3,"href":"https:\/\/blogs.elcomercio.es\/reflexiones-de-belarmino\/wp-json\/wp\/v2\/posts\/30687\/revisions"}],"predecessor-version":[{"id":30690,"href":"https:\/\/blogs.elcomercio.es\/reflexiones-de-belarmino\/wp-json\/wp\/v2\/posts\/30687\/revisions\/30690"}],"wp:attachment":[{"href":"https:\/\/blogs.elcomercio.es\/reflexiones-de-belarmino\/wp-json\/wp\/v2\/media?parent=30687"}],"wp:term":[{"taxonomy":"category","embeddable":true,"href":"https:\/\/blogs.elcomercio.es\/reflexiones-de-belarmino\/wp-json\/wp\/v2\/categories?post=30687"},{"taxonomy":"post_tag","embeddable":true,"href":"https:\/\/blogs.elcomercio.es\/reflexiones-de-belarmino\/wp-json\/wp\/v2\/tags?post=30687"}],"curies":[{"name":"wp","href":"https:\/\/api.w.org\/{rel}","templated":true}]}}