{"id":30714,"date":"2023-06-11T19:40:11","date_gmt":"2023-06-11T17:40:11","guid":{"rendered":"https:\/\/blogs.elcomercio.es\/reflexiones-de-belarmino\/?p=30714"},"modified":"2023-06-11T19:40:11","modified_gmt":"2023-06-11T17:40:11","slug":"por-que-ganaremos-la-mayoria-social-las-elecciones-generales-del-23-de-julio","status":"publish","type":"post","link":"https:\/\/blogs.elcomercio.es\/reflexiones-de-belarmino\/2023\/06\/11\/por-que-ganaremos-la-mayoria-social-las-elecciones-generales-del-23-de-julio\/","title":{"rendered":"\u00a1\u00a1\u00a1\u00a1\u00a1 \u00bf POR QU\u00c9 GANAREMOS, LA MAYOR\u00cdA SOCIAL, LAS ELECCIONES GENERALES DEL 23 DE JULIO ?!!!"},"content":{"rendered":"<p><b>Bien, empezaremos el segundo tiempo. Ser\u00e1 muy duro, pero finalmente, sin tiempos extras la mayor\u00eda\u00a0social y politica ganaremos La Moncloa, los Presupuestos y el BOE.<\/b><\/p>\n<p><b>En el primer tiempo cometimos errores que fueron aprovechados por el equipo contrario, m\u00e1s que por m\u00e9ritos de \u00e9l, sino por fallas nuestras. El presidente del gobierno, como le pas\u00f3 a Felipe Gonz\u00e1lez perdi\u00f3 el pulso en las calles, y en aras de una buena relaci\u00f3n con los Estados Unidos y cuidar su futuro personal, no dedic\u00f3 el tiempo y el esfuerzo necesario al proyecto nacional, y viejando por el mundo,\u00a0 y dej\u00f3 abiertos costados donde fuimos f\u00e1cilmente\u00a0vulnerables.<\/b><\/p>\n<p><b>Uno fue la desesperaci\u00f3n de una derecha que sab\u00eda lo que hist\u00f3ricamente pod\u00eda pasar y centr\u00f3 en el &#8221; Sanchismo&#8221;, como una nueva ideolog\u00eda fuera toda la energ\u00eda para que los intereses de las grandes mayor\u00edas y los beneficios adquiridos social econ\u00f3micamente\u00a0en estos 4 a\u00f1os, pasaran a segundo termino, tomando con la derecha\u00a0medi\u00e1tica, la mayor\u00eda de ellas, los errores que se comet\u00edan en el equipo al qque era necesario\u00a0derrotar, por que sino el peligro durar\u00eda 4 u 8 a\u00f1os m\u00e1s.Errores como &#8220;el Si, es si,&#8221;, &#8220;Bildu&#8221;, lo agitaron\u00a0a trav\u00e9s de las cadenas privas, A Tresmedia y Mediaset y de todos los diarios de papel que cuyos intereses vienen\u00a0del franquismo. La prensa\u00a0digital no tuvo, todav\u00eda la capacidad para contrarrestarlos.<\/b><\/p>\n<p><b>De nuevo el valor de la derecha espa\u00f1ola, fue lograr superar, ante los espa\u00f1oles,\u00a0 que el ruido\u00a0 taparan\u00a0las medidas sociales y econ\u00f3micas que ya quisieran en Europa\u00a0y en los Estados\u00a0Unidos<\/b><\/p>\n<p><b>Pero no fue s\u00f3lo Sanchez, sino que algunos &#8220;barones&#8221; socialistas que terminar\u00e1n\u00a0en el olvido como\u00a0 Lamb\u00e1n y otros, cayeron en la trampa, y ellos, salvadores ante &#8220;ETA, el Comunismo, el Bolivarianismo&#8221; dieron\u00a0argumentos p\u00fablicos\u00a0que en nada ayudaron, sino que los condujeron hacia el vac\u00edo, salvo en Castilla La Mancha. La &#8220;vieja guardia&#8221;, aquellos socialdem\u00f3cratas\u00a0que sentaron\u00a0el proyecto neoeliberal en Espa\u00f1a, encabezados\u00a0por Felipe y Guerra, tampoco ayud\u00f3 en nada.<\/b><\/p>\n<p><b>Pero quienes m\u00e1s se &#8220;pusieron de pechito&#8221; fueron Pablo Iglesias, Irene Montero\u00a0y el peque\u00f1o grupo que queda de aquel\u00a0gran esfuerzo y esperanza\u00a0del 15 M. Mucha gente no vot\u00f3 tanto en favor del PP(que crece por la desintegraci\u00f3n de Ciudadanos), sino en contra del radicalismo poco maduro de Pablo Iglesias.<\/b><\/p>\n<p><b>Cuando estaba a punto de terminar la primera mitad, sorprendidos muchos, se dieron que no hab\u00edan logrado llegar a la mayor parte de la poblaci\u00f3n, los grandes avances econ\u00f3micos\u00a0y sociales, y perdieron ampliamente esos 45 minutos. La satisfacci\u00f3n a la hora de ir al bar de estadio, era de no cre\u00e9rselo\u00a0ni ellos mismos.<\/b><\/p>\n<p><b>Pero, como en el f\u00fatbol, hay un descanso.Hay entrenador y recambio.<\/b><\/p>\n<p><b>Y, en ese descanso, se percataron de los errores y los cambios que hab\u00eda que hacer.Dos perdonas claves entendieron\u00a0la salida: Pedro Sanchez, que, adelanto de inmediato la convocatoria, y que\u00a0 va a sacar como candidatos\u00a0al Congreso, a todo su gobierno para que pudieran explicar la realidad econ\u00f3mica y social, con datos\u00a0y argumentos que los rivales en las calles no tienen y la otra lider fue Yolanda Sanchez, para muchos la mejor politica de este pa\u00eds.<\/b><\/p>\n<p><strong>En los debates y en las calles hay tiempo y espacio, para explicar en poco m\u00e1s de mes y medio.<\/strong><\/p>\n<p><strong>La unidad de la llamada izquierda al lado del PSOE, para nosotros la \u00fanica izquierda que hay en Espa\u00f1a, el SUMAR, el consolidarlo y tener listo para el segundo tiempo. Que hubo que dejar fuera a algunos. Era el momento de la verdad y Yolanda D\u00edaz no dud\u00f3.<\/strong><\/p>\n<p><b>Cuando en un pais de 44 millones de habitantes, sigue permaneciendo con fuerza el pasado, pero habiendo\u00a0tomado medidas que, finalmente, cuando se les explique bien\u00a0a esa mayor\u00eda van a mirar el partido de forma diferente y eso se ver\u00e1 reflejado la noche del 23 de julio del 2023.<\/b><\/p>\n<p><strong>No dudo en el resultado final.<\/strong><\/p>\n<p>&nbsp;<\/p>\n<p>&nbsp;<\/p>\n<p>&nbsp;<\/p>\n<p>&nbsp;<\/p>\n<p>&nbsp;<\/p>\n<!-- AddThis Advanced Settings generic via filter on the_content --><!-- AddThis Share Buttons generic via filter on the_content -->","protected":false},"excerpt":{"rendered":"<p>Bien, empezaremos el segundo tiempo. Ser\u00e1 muy duro, pero finalmente, sin tiempos extras la mayor\u00eda\u00a0social y politica ganaremos La Moncloa, los Presupuestos y el BOE. En el primer tiempo cometimos errores que fueron aprovechados por el equipo contrario, m\u00e1s que por m\u00e9ritos de \u00e9l, sino por fallas nuestras. El presidente del gobierno, como le pas\u00f3 [&hellip;]<!-- AddThis Advanced Settings generic via filter on get_the_excerpt --><!-- AddThis Share Buttons generic via filter on get_the_excerpt --><\/p>\n","protected":false},"author":16,"featured_media":0,"comment_status":"open","ping_status":"closed","sticky":false,"template":"","format":"standard","meta":[],"categories":[1],"tags":[],"_links":{"self":[{"href":"https:\/\/blogs.elcomercio.es\/reflexiones-de-belarmino\/wp-json\/wp\/v2\/posts\/30714"}],"collection":[{"href":"https:\/\/blogs.elcomercio.es\/reflexiones-de-belarmino\/wp-json\/wp\/v2\/posts"}],"about":[{"href":"https:\/\/blogs.elcomercio.es\/reflexiones-de-belarmino\/wp-json\/wp\/v2\/types\/post"}],"author":[{"embeddable":true,"href":"https:\/\/blogs.elcomercio.es\/reflexiones-de-belarmino\/wp-json\/wp\/v2\/users\/16"}],"replies":[{"embeddable":true,"href":"https:\/\/blogs.elcomercio.es\/reflexiones-de-belarmino\/wp-json\/wp\/v2\/comments?post=30714"}],"version-history":[{"count":4,"href":"https:\/\/blogs.elcomercio.es\/reflexiones-de-belarmino\/wp-json\/wp\/v2\/posts\/30714\/revisions"}],"predecessor-version":[{"id":30718,"href":"https:\/\/blogs.elcomercio.es\/reflexiones-de-belarmino\/wp-json\/wp\/v2\/posts\/30714\/revisions\/30718"}],"wp:attachment":[{"href":"https:\/\/blogs.elcomercio.es\/reflexiones-de-belarmino\/wp-json\/wp\/v2\/media?parent=30714"}],"wp:term":[{"taxonomy":"category","embeddable":true,"href":"https:\/\/blogs.elcomercio.es\/reflexiones-de-belarmino\/wp-json\/wp\/v2\/categories?post=30714"},{"taxonomy":"post_tag","embeddable":true,"href":"https:\/\/blogs.elcomercio.es\/reflexiones-de-belarmino\/wp-json\/wp\/v2\/tags?post=30714"}],"curies":[{"name":"wp","href":"https:\/\/api.w.org\/{rel}","templated":true}]}}