{"id":30719,"date":"2023-06-12T10:47:04","date_gmt":"2023-06-12T08:47:04","guid":{"rendered":"https:\/\/blogs.elcomercio.es\/reflexiones-de-belarmino\/?p=30719"},"modified":"2023-06-12T10:47:04","modified_gmt":"2023-06-12T08:47:04","slug":"80-anos-despues-han-entrado-a-cuelga-muros-los-cientificos-que-se-encargaran-de-identificar-a-los-33000-represaliados","status":"publish","type":"post","link":"https:\/\/blogs.elcomercio.es\/reflexiones-de-belarmino\/2023\/06\/12\/80-anos-despues-han-entrado-a-cuelga-muros-los-cientificos-que-se-encargaran-de-identificar-a-los-33000-represaliados\/","title":{"rendered":"\u00a1\u00a1\u00a180 A\u00d1OS DESPU\u00c9S HAN ENTRADO A CUELGA MUROS LOS CIENT\u00cdFICOS QUE SE ENCARGAR\u00c1N DE IDENTIFICAR A LOS 33,000 REPRESALIADOS"},"content":{"rendered":"<p><b>\u00bfPor qu\u00e9 Feij\u00f3o desea acabar con la ley de Memoria\u00a0Democr\u00e1tica que hace que hace que Espa\u00f1a alcance la normalidad hist\u00f3rica, impensable en 2023 en Europa?. Pues mientras gana o no, se acab\u00f3 el Valle de los Ca\u00eddos, salieron los restos de Francisco Franco y Jos\u00e9 Antonio Primo de Rivera al lugar donde sus familiares lo desearon, y hoy entraron\u00a0los cient\u00edficos\u00a0para identificar a los primeros 128 republicanos\u00a0\u00a0fallecidos, tras 20 a\u00f1os de lucha de sus nietos y bisnietos.<\/b><\/p>\n<p><b> Es el principio de la recuperaci\u00f3n\u00a0de los cuerpos de los 33,000 republicanos sepultados bajo la tumba del dictador. Recordamos\u00a0que Espa\u00f1a con estos miles y los 150,000 estimados\u00a0en las cunetas, s\u00f3lo tiene por delante a Camboya y la masacre\u00a0de los Khramers Rojos.<\/b><\/p>\n<!-- AddThis Advanced Settings generic via filter on the_content --><!-- AddThis Share Buttons generic via filter on the_content -->","protected":false},"excerpt":{"rendered":"<p>\u00bfPor qu\u00e9 Feij\u00f3o desea acabar con la ley de Memoria\u00a0Democr\u00e1tica que hace que hace que Espa\u00f1a alcance la normalidad hist\u00f3rica, impensable en 2023 en Europa?. Pues mientras gana o no, se acab\u00f3 el Valle de los Ca\u00eddos, salieron los restos de Francisco Franco y Jos\u00e9 Antonio Primo de Rivera al lugar donde sus familiares lo [&hellip;]<!-- AddThis Advanced Settings generic via filter on get_the_excerpt --><!-- AddThis Share Buttons generic via filter on get_the_excerpt --><\/p>\n","protected":false},"author":16,"featured_media":0,"comment_status":"open","ping_status":"closed","sticky":false,"template":"","format":"standard","meta":[],"categories":[1],"tags":[],"_links":{"self":[{"href":"https:\/\/blogs.elcomercio.es\/reflexiones-de-belarmino\/wp-json\/wp\/v2\/posts\/30719"}],"collection":[{"href":"https:\/\/blogs.elcomercio.es\/reflexiones-de-belarmino\/wp-json\/wp\/v2\/posts"}],"about":[{"href":"https:\/\/blogs.elcomercio.es\/reflexiones-de-belarmino\/wp-json\/wp\/v2\/types\/post"}],"author":[{"embeddable":true,"href":"https:\/\/blogs.elcomercio.es\/reflexiones-de-belarmino\/wp-json\/wp\/v2\/users\/16"}],"replies":[{"embeddable":true,"href":"https:\/\/blogs.elcomercio.es\/reflexiones-de-belarmino\/wp-json\/wp\/v2\/comments?post=30719"}],"version-history":[{"count":5,"href":"https:\/\/blogs.elcomercio.es\/reflexiones-de-belarmino\/wp-json\/wp\/v2\/posts\/30719\/revisions"}],"predecessor-version":[{"id":30724,"href":"https:\/\/blogs.elcomercio.es\/reflexiones-de-belarmino\/wp-json\/wp\/v2\/posts\/30719\/revisions\/30724"}],"wp:attachment":[{"href":"https:\/\/blogs.elcomercio.es\/reflexiones-de-belarmino\/wp-json\/wp\/v2\/media?parent=30719"}],"wp:term":[{"taxonomy":"category","embeddable":true,"href":"https:\/\/blogs.elcomercio.es\/reflexiones-de-belarmino\/wp-json\/wp\/v2\/categories?post=30719"},{"taxonomy":"post_tag","embeddable":true,"href":"https:\/\/blogs.elcomercio.es\/reflexiones-de-belarmino\/wp-json\/wp\/v2\/tags?post=30719"}],"curies":[{"name":"wp","href":"https:\/\/api.w.org\/{rel}","templated":true}]}}