{"id":30757,"date":"2023-06-13T12:26:23","date_gmt":"2023-06-13T10:26:23","guid":{"rendered":"https:\/\/blogs.elcomercio.es\/reflexiones-de-belarmino\/?p=30757"},"modified":"2023-06-13T12:26:23","modified_gmt":"2023-06-13T10:26:23","slug":"en-marcha-estrategia-de-podemos-apostando-a-la-derrota-cara-a-2026","status":"publish","type":"post","link":"https:\/\/blogs.elcomercio.es\/reflexiones-de-belarmino\/2023\/06\/13\/en-marcha-estrategia-de-podemos-apostando-a-la-derrota-cara-a-2026\/","title":{"rendered":"\u00a1\u00a1\u00a1\u00a1\u00a1 \u00bf EN MARCHA ESTRATEGIA DE PODEMOS APOSTANDO A LA DERROTA, CARA A 2026 ? !!!"},"content":{"rendered":"<p><b>No queremos creerlo, pero es necesario alertar. No es casual el enfrentamiento de Pablo IGlesias, la negativa de Podemos de dejar fuera a Irene Montero, la declaraci\u00f3n ayer en Am\u00e9rica de una Asociaci\u00f3n de mujeres latinoamericanas\u00a0apoyando a Irene Montero y las declaraciones de Gabriel Ruf\u00edan.<\/b><\/p>\n<p><strong>\u00bfY si antes de cerrar las listas, Podemos rectifica su apoyo a Sumar, si aparece el partido registrado paralelo en el mismo domicilio del Podemos, y Pablo Iglesias, Irene Montero, Ione Belarra, deciden apostar por la derrota el 23 de julio del PSOE y SUMAR, y se preparan para ser la alternativa para 2026 de un partido alternativa al PSOE y a Sumar?.<\/strong><\/p>\n<p><strong>Ah\u00ed dejamos esa hip\u00f3tesis.<\/strong><\/p>\n<!-- AddThis Advanced Settings generic via filter on the_content --><!-- AddThis Share Buttons generic via filter on the_content -->","protected":false},"excerpt":{"rendered":"<p>No queremos creerlo, pero es necesario alertar. No es casual el enfrentamiento de Pablo IGlesias, la negativa de Podemos de dejar fuera a Irene Montero, la declaraci\u00f3n ayer en Am\u00e9rica de una Asociaci\u00f3n de mujeres latinoamericanas\u00a0apoyando a Irene Montero y las declaraciones de Gabriel Ruf\u00edan. \u00bfY si antes de cerrar las listas, Podemos rectifica su [&hellip;]<!-- AddThis Advanced Settings generic via filter on get_the_excerpt --><!-- AddThis Share Buttons generic via filter on get_the_excerpt --><\/p>\n","protected":false},"author":16,"featured_media":0,"comment_status":"open","ping_status":"closed","sticky":false,"template":"","format":"standard","meta":[],"categories":[1],"tags":[],"_links":{"self":[{"href":"https:\/\/blogs.elcomercio.es\/reflexiones-de-belarmino\/wp-json\/wp\/v2\/posts\/30757"}],"collection":[{"href":"https:\/\/blogs.elcomercio.es\/reflexiones-de-belarmino\/wp-json\/wp\/v2\/posts"}],"about":[{"href":"https:\/\/blogs.elcomercio.es\/reflexiones-de-belarmino\/wp-json\/wp\/v2\/types\/post"}],"author":[{"embeddable":true,"href":"https:\/\/blogs.elcomercio.es\/reflexiones-de-belarmino\/wp-json\/wp\/v2\/users\/16"}],"replies":[{"embeddable":true,"href":"https:\/\/blogs.elcomercio.es\/reflexiones-de-belarmino\/wp-json\/wp\/v2\/comments?post=30757"}],"version-history":[{"count":2,"href":"https:\/\/blogs.elcomercio.es\/reflexiones-de-belarmino\/wp-json\/wp\/v2\/posts\/30757\/revisions"}],"predecessor-version":[{"id":30759,"href":"https:\/\/blogs.elcomercio.es\/reflexiones-de-belarmino\/wp-json\/wp\/v2\/posts\/30757\/revisions\/30759"}],"wp:attachment":[{"href":"https:\/\/blogs.elcomercio.es\/reflexiones-de-belarmino\/wp-json\/wp\/v2\/media?parent=30757"}],"wp:term":[{"taxonomy":"category","embeddable":true,"href":"https:\/\/blogs.elcomercio.es\/reflexiones-de-belarmino\/wp-json\/wp\/v2\/categories?post=30757"},{"taxonomy":"post_tag","embeddable":true,"href":"https:\/\/blogs.elcomercio.es\/reflexiones-de-belarmino\/wp-json\/wp\/v2\/tags?post=30757"}],"curies":[{"name":"wp","href":"https:\/\/api.w.org\/{rel}","templated":true}]}}