{"id":30767,"date":"2023-06-13T18:44:13","date_gmt":"2023-06-13T16:44:13","guid":{"rendered":"https:\/\/blogs.elcomercio.es\/reflexiones-de-belarmino\/?p=30767"},"modified":"2023-06-13T18:44:13","modified_gmt":"2023-06-13T16:44:13","slug":"esto-se-acabo-dijo-ulyses-grant-en-palmito-beach-en-1865-pero-no-sabia-que-160-anos-mas-tarde-surgiria-mar-a-lago-y-los-documentos","status":"publish","type":"post","link":"https:\/\/blogs.elcomercio.es\/reflexiones-de-belarmino\/2023\/06\/13\/esto-se-acabo-dijo-ulyses-grant-en-palmito-beach-en-1865-pero-no-sabia-que-160-anos-mas-tarde-surgiria-mar-a-lago-y-los-documentos\/","title":{"rendered":"\u00a1\u00a1\u00a1\u00a1&#8221;ESTO SE ACAB\u00d3&#8221; DIJO ULYSES GRANT EN PALMITO BEACH EN 1865, PERO NO SAB\u00cdA QUE 160 A\u00d1OS MAS TARDE SURGIR\u00cdA MAR A LAGO Y LOS DOCUMENTOS !!"},"content":{"rendered":"<p><b>Ni en 1776 cuando se consuma la Independencia de Estados Unidos; ni George Washington en 1787, ya creada la Constituci\u00f3n y elegido \u00e9l como primer presidente de los Estados UNidos, ni siquiera cuando el 9 de abril de 1865 el general Ulyses Gran al derrotar al general Robert Lee, y puso fin a la Guerra de Sucesi\u00f3n de los 7 estados confederados del sur, y\u00a0 dijo\u00a0&#8221; Esto se acab\u00f3&#8221;, pod\u00edan imaginar como 160 a\u00f1os despu\u00e9s, la estructura\u00a0de aquel pa\u00eds, ya imperio, se iba a ver sacudida de tal forma que podr\u00eda significar el principio del fin de aquella potencia, y que quiz\u00e1s no alcanzar\u00eda a alcanzar el tiempo en que el Imperio Romano domin\u00f3 en el Mediterr\u00e1neo, unos 500 a\u00f1os,sin considerar al Imperio Romano de Oriente que durar\u00eda hasta 1543, cuando lo aplasta el Imperio Turco Otomano.<\/b><\/p>\n<p><b>Nadie en la historia del pa\u00eds, ni en el mundo, se imaginar\u00edan que un presidente descendiente\u00a0de alemanes, en pleno hedonismo, consumo de drogas y con 400 guerras detr\u00e1s, iba a ser capaz de lo que ha hecho Donald Trump.<\/b><\/p>\n<p><b>Est\u00e1 por empezar el juicio, el primero de un presidente con 27 acusaciones penales,\u00a0 donde nos mostraron, la cocina, el sal\u00f3n de baile y restos de\u00a0 150 cajas por los suelos, de 150 cajas que Donald Trump, uno de los mayores riesgos para la humanidad en su conjunto, se hab\u00eda llevado documentos clasificados\u00a0de la Casa Blanca, y dentro\u00a0de ellos material nuclear de paises amigos, de socios.<\/b><\/p>\n<p><strong>En ning\u00fan pais es imaginable ello, pero ha sucedido en aquellos Estados Unidos, que llevan apenas 350 a\u00f1os y ya parecen iniciado su declive.<\/strong><\/p>\n<p><strong>Ha sucedido en Florida, en una club de golf, de un magnate sin principios, en la tristemente celebre Mar A Lago.<\/strong><\/p>\n<p><b>Hoy todos los norteamericanos tienen los televisores pendientes\u00a0de esta inmoralidad, a la cual el susodicho TRump, mintiendo de nuevo, trata de realizar un acto electoral, que va a dividir a la Naci\u00f3n, como bien lo saben los grandes\u00a0generales, almirantes, pol\u00edticos\u00a0e intelectuales del pa\u00eds, que temen que de no pararlo en 2024, tras las elecciones pueda haber un golpe de Estado(palabras\u00a0de ellos).<\/b><\/p>\n<p>&nbsp;<\/p>\n<p>&nbsp;<\/p>\n<!-- AddThis Advanced Settings generic via filter on the_content --><!-- AddThis Share Buttons generic via filter on the_content -->","protected":false},"excerpt":{"rendered":"<p>Ni en 1776 cuando se consuma la Independencia de Estados Unidos; ni George Washington en 1787, ya creada la Constituci\u00f3n y elegido \u00e9l como primer presidente de los Estados UNidos, ni siquiera cuando el 9 de abril de 1865 el general Ulyses Gran al derrotar al general Robert Lee, y puso fin a la Guerra [&hellip;]<!-- AddThis Advanced Settings generic via filter on get_the_excerpt --><!-- AddThis Share Buttons generic via filter on get_the_excerpt --><\/p>\n","protected":false},"author":16,"featured_media":0,"comment_status":"open","ping_status":"closed","sticky":false,"template":"","format":"standard","meta":[],"categories":[1],"tags":[],"_links":{"self":[{"href":"https:\/\/blogs.elcomercio.es\/reflexiones-de-belarmino\/wp-json\/wp\/v2\/posts\/30767"}],"collection":[{"href":"https:\/\/blogs.elcomercio.es\/reflexiones-de-belarmino\/wp-json\/wp\/v2\/posts"}],"about":[{"href":"https:\/\/blogs.elcomercio.es\/reflexiones-de-belarmino\/wp-json\/wp\/v2\/types\/post"}],"author":[{"embeddable":true,"href":"https:\/\/blogs.elcomercio.es\/reflexiones-de-belarmino\/wp-json\/wp\/v2\/users\/16"}],"replies":[{"embeddable":true,"href":"https:\/\/blogs.elcomercio.es\/reflexiones-de-belarmino\/wp-json\/wp\/v2\/comments?post=30767"}],"version-history":[{"count":3,"href":"https:\/\/blogs.elcomercio.es\/reflexiones-de-belarmino\/wp-json\/wp\/v2\/posts\/30767\/revisions"}],"predecessor-version":[{"id":30770,"href":"https:\/\/blogs.elcomercio.es\/reflexiones-de-belarmino\/wp-json\/wp\/v2\/posts\/30767\/revisions\/30770"}],"wp:attachment":[{"href":"https:\/\/blogs.elcomercio.es\/reflexiones-de-belarmino\/wp-json\/wp\/v2\/media?parent=30767"}],"wp:term":[{"taxonomy":"category","embeddable":true,"href":"https:\/\/blogs.elcomercio.es\/reflexiones-de-belarmino\/wp-json\/wp\/v2\/categories?post=30767"},{"taxonomy":"post_tag","embeddable":true,"href":"https:\/\/blogs.elcomercio.es\/reflexiones-de-belarmino\/wp-json\/wp\/v2\/tags?post=30767"}],"curies":[{"name":"wp","href":"https:\/\/api.w.org\/{rel}","templated":true}]}}