{"id":30786,"date":"2023-06-15T12:44:34","date_gmt":"2023-06-15T10:44:34","guid":{"rendered":"https:\/\/blogs.elcomercio.es\/reflexiones-de-belarmino\/?p=30786"},"modified":"2023-06-15T12:44:34","modified_gmt":"2023-06-15T10:44:34","slug":"cuantos-anos-debemos-cientos-y-cientos-a-apartamentos-gijon-del-era","status":"publish","type":"post","link":"https:\/\/blogs.elcomercio.es\/reflexiones-de-belarmino\/2023\/06\/15\/cuantos-anos-debemos-cientos-y-cientos-a-apartamentos-gijon-del-era\/","title":{"rendered":"\u00a1\u00a1\u00a1\u00a1\u00bf CUANTOS A\u00d1OS DEBEMOS ,CIENTOS Y CIENTOS ,A APARTAMENTOS GIJON DEL ERA ?!!!"},"content":{"rendered":"<p><b>Era 1936. Se hab\u00eda dado el alzamiento, se ve\u00eda lo que vendr\u00eda, y lo principal eran los ni\u00f1os. Dos paises se preocuparon de inmediato: M\u00e9xico y la URSS. Invitados por el general C\u00e1rdenas, bajo los cuidados de su esposa Do\u00f1a Amalia, casi 2,000 ni\u00f1os los trasladaron a Morelia, MIchoac\u00e1n, se educaron ,labraron\u00a0su futuro y hoy hay una sociedad de familiares\u00a0de los Ni\u00f1os de Morelia, que hoy son m\u00e1s de 10,000.\u00a0<\/b><\/p>\n<p><b>A la URSS salieron los 3,000 Ni\u00f1os de la Guerra, buena parte de ellos asturianos.Los trataron muy bien, los cuidaron y los salvaron de la II Guerra Mundial.Una parte de ellos regres\u00f3 tras la Transici\u00f3n y en una reuni\u00f3n de la Plata Junta, se les invit\u00f3 a quedarse aqu\u00ed, la mayor\u00eda en Asturias. Felipe di\u00f3 instrucciones a Matilde de la Torre, quien ubic\u00f3 unos terrenos que estaban en la casa de campo de aquel Pique, que en 1943 Franco\u00a0le entreg\u00f3 Endesa, y al final no s\u00f3lo ten\u00eda un palacete en Madrid,sino que se hab\u00eda hecho una finca en el Occidente de GIj\u00f3n, al estilo de los magnates ingleses, holandeses, franceses, donde se distingu\u00edan los jardines. Este hombre trajo\u00a0de medio mundo\u00a0arboles donde hay especies de mas de 50 paises, quiz\u00e1s, por supuesto\u00a0el Bot\u00e1nico\u00a0fuera, los m\u00e1s completos de toda Asturias. Vendidos al gobierno es hoy el PARQUE DE EL LAUREDAL.<\/b><\/p>\n<p><b>Pues hace m\u00e1s de 28 a\u00f1os, Matilde hizo unos singulares departamentos, \u00fanicos, de 3 plantas y en 3 conjuntos, m\u00e1s de 80,con un jard\u00edn espl\u00e9ndido, y la mitad de ellos con vista al Lauredal.Son una especie de aparta hotel, con toda independencia entre ellos y esas paredes gruesos que le den tal intimidad. Son una 60 metros cuadrados, con una moderna\u00a0oficina, un muy sal\u00f3n, y una recamara con un ba\u00f1o de primer nivel, todo lleno de luz de 8 ventanas.<\/b><\/p>\n<p><b>A la entrada una conserjer\u00eda\u00a0que no s\u00f3lo da protecci\u00f3n a la entrada, sino que\u00a0 a las 12 y a las 8 de la tarde se llama a cada residente para preguntarle si est\u00e1 bien\u00a0o no, con los servicios m\u00e9dicos\u00a0a la mano y a 5 minutos el Hospital de Jove.<\/b><\/p>\n<p><b>Una de las razones\u00a0que explicaron aquellas ni\u00f1os y ni\u00f1as de la guerra, es que pudieran estar juntos para poder hablar en su idioma, Rusos y Ucranianos convivieron aqu\u00ed a\u00f1os, y tuvieron hasta 2 canales de televisi\u00f3n rusa.<\/b><\/p>\n<p><b>Ocuparon el bloque centra el bloque 2. Al mismo tiempo se abrieron los apartamentos a hombres y mujeres asturianas que lo necesitaban, y se le fue ubicando en el bloque 3, donde han vivido Tere y Manuela que hoy gozan sus 90 a\u00f1os, rodeados de hijos, nietos y bisnietos que nos dana alegr\u00eda\u00a0a todos.<\/b><\/p>\n<p><b>Un d\u00eda, yo estoy en ese bloque en el tercer piso, con vista al parque. Un d\u00eda unos\u00a0amigos periodistas, cuando llegue y me hac\u00edan alguna entrevistas, al\u00a0terminar me dec\u00edan: &#8220;Don Rafael, \u00bf sabe usted que vivi\u00f3 y muri\u00f3 en este\u00a0departamento\u00a0frente a usted?\u00bf!&#8221;. Horacio Fern\u00e1ndez Inguanzo( el hombre dirigente del PCA, que fue enterrado en olor a multitud entre el Parchis a Ceares).<\/b><\/p>\n<p><b>Con el tiempo llegaron nuevos emigrantes. Habia armenios como Margarita y su esposo recen fallecido que habia trabajado en la Nuclear\u00a0de Chereniobyl, y\u00a0 luego llegaron mas asturianos y m\u00e1s tarde cubanos, venezolanos, argentinos y un mexicano(este modesto autor)..<\/b><\/p>\n<p><b>Casi no hay vida social. Cada uno, vive su departamento y nos cruzamos y asi muchos ni nos conocemos. Unos entran, otros salen a la Residencia de Pumar\u00edn e inexorablemente cuando preguntamos\u00a0por alguien ,ya falleci\u00f3.<\/b><\/p>\n<p><strong>NO creo que haya no en Asturias, sino en Espa\u00f1a, unos departamentos como estos, con el gran parque de aquel Paqu\u00e9, y a cinco minutos la playa de Arbeyal.<\/strong><\/p>\n<p><b>La renta\u00a0va en funci\u00f3n de los ingresos. Si yo gano 470 euros al mes, pago 74 euros, y nos quedan a todos, por lo menos 390 euros.<\/b><\/p>\n<p><b>La nueva directora, que no es tal, como nos lo dec\u00eda\u00a0la anterior se\u00f1ora, sino que Vanessa Fernandez se cuida mucho en presentarse como la trabajadora social, siempre al tanto. Hay un equipo de conserjes, donde con Covadonga, el pilar, Alvaro, Maria Carmen y otras personas, siempre\u00a0est\u00e1 atentos de nosotros.<\/b><\/p>\n<p><strong>Una gran experiencia en la vida, convivir con tantos hombres y mujeres, con su pasado detr\u00e1s, sus ilusiones y sus tristeza.<\/strong><\/p>\n<p><strong>Todos coincidimos, \u00bf Cuantos a\u00f1os de nuestra vida, se los debemos a estos queridos Apartamentos Gij\u00f3n?<\/strong><\/p>\n<p><b>Y yo que a los 83, no tengo ni m\u00f3vil, ni ordenador, ni wifi, todos los casi 10,000 blogs y los 7 libros, los he podido hacer, entre el Ateneo de la Calzada y este Windows 7, pero que me mantiene\u00a08 horas al d\u00eda activo.<\/b><\/p>\n<p><strong>En mi apartamento en el tercer piso, en una rinc\u00f3n, frente a donde vivi\u00f3 Horacio, con vistas al Parque, siempre he dicho que, es tan discreto, tan intimo, que podr\u00eda ser director de la CIA y nadie se enteraria.<\/strong><\/p>\n<p><strong>DE este tama\u00f1o, son estos queridos apartamento, que ni sab\u00edan que exist\u00edan el d\u00eda que a los 67 a\u00f1os me tir\u00e9 al Atl\u00e1ntico con 500 d\u00f3lares, en busca de vida, expulsado por aquellos gobiernos neoliberales, y sin saber nada del Estado del Bienestar espa\u00f1ol y sin tocar una puerta con mis apellidos.<\/strong><\/p>\n<p><b>Ven\u00eda por 5 proyectos. Cuatro ya los realic\u00e9. Siempre son muy complejos, hay que so\u00f1ar en grande, trabajar todos los d\u00edas y tener paciencia\u00a0oriental. Este quinto llevo 15 a\u00f1os y no lo he logrado, por lo que ya escrib\u00ed dos cartas: Si fallezco aqu\u00ed, en el m\u00e1s absoluto silencio, mis cenizas desear\u00eda quedaran en un riachuelos, entre los verdes asturianos. Si lo logr\u00f3, y mi final es en Cancun, mis hijas saben el lugar en el\u00a0 Caribe, el que separa Cancun con Isla Mujeres, donde quiero iniciar el proceso de incorporarme a la naturaleza y volver\u00eda\u00a0estar en ella , en otros estado..<\/b><\/p>\n<p><strong>Mientras tanto, sigo Vivo y gozando esta oportunidad \u00fanica de haber nacido.<\/strong><\/p>\n<p>&nbsp;<\/p>\n<p>&nbsp;<\/p>\n<p>&nbsp;<\/p>\n<p>&nbsp;<\/p>\n<p>&nbsp;<\/p>\n<p>&nbsp;<\/p>\n<p>&nbsp;<\/p>\n<!-- AddThis Advanced Settings generic via filter on the_content --><!-- AddThis Share Buttons generic via filter on the_content -->","protected":false},"excerpt":{"rendered":"<p>Era 1936. Se hab\u00eda dado el alzamiento, se ve\u00eda lo que vendr\u00eda, y lo principal eran los ni\u00f1os. Dos paises se preocuparon de inmediato: M\u00e9xico y la URSS. Invitados por el general C\u00e1rdenas, bajo los cuidados de su esposa Do\u00f1a Amalia, casi 2,000 ni\u00f1os los trasladaron a Morelia, MIchoac\u00e1n, se educaron ,labraron\u00a0su futuro y hoy [&hellip;]<!-- AddThis Advanced Settings generic via filter on get_the_excerpt --><!-- AddThis Share Buttons generic via filter on get_the_excerpt --><\/p>\n","protected":false},"author":16,"featured_media":0,"comment_status":"open","ping_status":"closed","sticky":false,"template":"","format":"standard","meta":[],"categories":[1],"tags":[],"_links":{"self":[{"href":"https:\/\/blogs.elcomercio.es\/reflexiones-de-belarmino\/wp-json\/wp\/v2\/posts\/30786"}],"collection":[{"href":"https:\/\/blogs.elcomercio.es\/reflexiones-de-belarmino\/wp-json\/wp\/v2\/posts"}],"about":[{"href":"https:\/\/blogs.elcomercio.es\/reflexiones-de-belarmino\/wp-json\/wp\/v2\/types\/post"}],"author":[{"embeddable":true,"href":"https:\/\/blogs.elcomercio.es\/reflexiones-de-belarmino\/wp-json\/wp\/v2\/users\/16"}],"replies":[{"embeddable":true,"href":"https:\/\/blogs.elcomercio.es\/reflexiones-de-belarmino\/wp-json\/wp\/v2\/comments?post=30786"}],"version-history":[{"count":2,"href":"https:\/\/blogs.elcomercio.es\/reflexiones-de-belarmino\/wp-json\/wp\/v2\/posts\/30786\/revisions"}],"predecessor-version":[{"id":30788,"href":"https:\/\/blogs.elcomercio.es\/reflexiones-de-belarmino\/wp-json\/wp\/v2\/posts\/30786\/revisions\/30788"}],"wp:attachment":[{"href":"https:\/\/blogs.elcomercio.es\/reflexiones-de-belarmino\/wp-json\/wp\/v2\/media?parent=30786"}],"wp:term":[{"taxonomy":"category","embeddable":true,"href":"https:\/\/blogs.elcomercio.es\/reflexiones-de-belarmino\/wp-json\/wp\/v2\/categories?post=30786"},{"taxonomy":"post_tag","embeddable":true,"href":"https:\/\/blogs.elcomercio.es\/reflexiones-de-belarmino\/wp-json\/wp\/v2\/tags?post=30786"}],"curies":[{"name":"wp","href":"https:\/\/api.w.org\/{rel}","templated":true}]}}