{"id":30789,"date":"2023-06-15T14:04:13","date_gmt":"2023-06-15T12:04:13","guid":{"rendered":"https:\/\/blogs.elcomercio.es\/reflexiones-de-belarmino\/?p=30789"},"modified":"2023-06-15T14:04:13","modified_gmt":"2023-06-15T12:04:13","slug":"encuesta-hoy-diario-es-pp-34-vox-14-1-48-2-psoe29-9-sumar-12-8-otros-11-1-51-8","status":"publish","type":"post","link":"https:\/\/blogs.elcomercio.es\/reflexiones-de-belarmino\/2023\/06\/15\/encuesta-hoy-diario-es-pp-34-vox-14-1-48-2-psoe29-9-sumar-12-8-otros-11-1-51-8\/","title":{"rendered":"\u00a1\u00a1\u00a1\u00a1ENCUESTA HOY DIARIO.ES.- PP (34 %), VOX ( 14.1%)= (48.2% )\/\/\/PSOE(29.9%), SUMAR ( 12.8 %) OTROS (11.1%) = 51.8 %!!!!"},"content":{"rendered":"<p><strong>Es la primera encuesta, tras el fin de semana y las tensiones, suben el PP, PSOE, SUMAR y baja VOX.<\/strong><\/p>\n<p><strong>Seg\u00fan esta encuesta el PP y VOX no suman. Podemos quiz\u00e1s no llegar\u00eda al 5 %.<\/strong><\/p>\n<p><strong>Esperemos el Consejo de Podemos de esta semana, que podr\u00eda ser clave.<\/strong><\/p>\n<!-- AddThis Advanced Settings generic via filter on the_content --><!-- AddThis Share Buttons generic via filter on the_content -->","protected":false},"excerpt":{"rendered":"<p>Es la primera encuesta, tras el fin de semana y las tensiones, suben el PP, PSOE, SUMAR y baja VOX. Seg\u00fan esta encuesta el PP y VOX no suman. Podemos quiz\u00e1s no llegar\u00eda al 5 %. Esperemos el Consejo de Podemos de esta semana, que podr\u00eda ser clave.<!-- AddThis Advanced Settings generic via filter on get_the_excerpt --><!-- AddThis Share Buttons generic via filter on get_the_excerpt --><\/p>\n","protected":false},"author":16,"featured_media":0,"comment_status":"open","ping_status":"closed","sticky":false,"template":"","format":"standard","meta":[],"categories":[1],"tags":[],"_links":{"self":[{"href":"https:\/\/blogs.elcomercio.es\/reflexiones-de-belarmino\/wp-json\/wp\/v2\/posts\/30789"}],"collection":[{"href":"https:\/\/blogs.elcomercio.es\/reflexiones-de-belarmino\/wp-json\/wp\/v2\/posts"}],"about":[{"href":"https:\/\/blogs.elcomercio.es\/reflexiones-de-belarmino\/wp-json\/wp\/v2\/types\/post"}],"author":[{"embeddable":true,"href":"https:\/\/blogs.elcomercio.es\/reflexiones-de-belarmino\/wp-json\/wp\/v2\/users\/16"}],"replies":[{"embeddable":true,"href":"https:\/\/blogs.elcomercio.es\/reflexiones-de-belarmino\/wp-json\/wp\/v2\/comments?post=30789"}],"version-history":[{"count":1,"href":"https:\/\/blogs.elcomercio.es\/reflexiones-de-belarmino\/wp-json\/wp\/v2\/posts\/30789\/revisions"}],"predecessor-version":[{"id":30790,"href":"https:\/\/blogs.elcomercio.es\/reflexiones-de-belarmino\/wp-json\/wp\/v2\/posts\/30789\/revisions\/30790"}],"wp:attachment":[{"href":"https:\/\/blogs.elcomercio.es\/reflexiones-de-belarmino\/wp-json\/wp\/v2\/media?parent=30789"}],"wp:term":[{"taxonomy":"category","embeddable":true,"href":"https:\/\/blogs.elcomercio.es\/reflexiones-de-belarmino\/wp-json\/wp\/v2\/categories?post=30789"},{"taxonomy":"post_tag","embeddable":true,"href":"https:\/\/blogs.elcomercio.es\/reflexiones-de-belarmino\/wp-json\/wp\/v2\/tags?post=30789"}],"curies":[{"name":"wp","href":"https:\/\/api.w.org\/{rel}","templated":true}]}}